{"id":98772,"date":"2026-01-21T13:58:16","date_gmt":"2026-01-21T12:58:16","guid":{"rendered":"https:\/\/pilma.com\/colleccio-kirei-autenticitat-sostenible\/"},"modified":"2026-01-22T17:00:44","modified_gmt":"2026-01-22T16:00:44","slug":"colleccio-kirei-autenticitat-sostenible","status":"publish","type":"post","link":"https:\/\/pilma.com\/ca\/colleccio-kirei-autenticitat-sostenible\/","title":{"rendered":"Col\u00b7lecci\u00f3 Kirei: autenticitat sostenible"},"content":{"rendered":"<p>[et_pb_section fb_built=&#8221;1&#8243; admin_label=&#8221;HEADER&#8221; _builder_version=&#8221;4.27.5&#8243; _module_preset=&#8221;default&#8221; background_enable_image=&#8221;off&#8221; background_video_mp4=&#8221;https:\/\/player.vimeo.com\/progressive_redirect\/playback\/1156456815\/rendition\/1080p\/file.mp4%20%281080p%29.mp4?loc=external&#038;signature=1aca0935e58c6b3992dd673f1bb3ca90e05d8419f93c4f86120811f4f05049a9&#8243; background_enable_video_webm=&#8221;off&#8221; height=&#8221;46.25vw&#8221; height_tablet=&#8221;100vw&#8221; height_phone=&#8221;177vw&#8221; height_last_edited=&#8221;on|desktop&#8221; custom_margin=&#8221;||0px||false|false&#8221; custom_padding=&#8221;||0px||false|false&#8221; link_option_url=&#8221;https:\/\/pilma.com\/ca\/colleccio\/kirei\/&#8221; hover_enabled=&#8221;0&#8243; background_last_edited=&#8221;on|phone&#8221; background_image_tablet=&#8221;https:\/\/pilma.com\/wp-content\/uploads\/2025\/03\/002-ambiente-mesa-tambora-roble-ahumado-manui-negro-pilma-02.jpg&#8221; background_enable_image_tablet=&#8221;on&#8221; background_enable_image_phone=&#8221;off&#8221; background_video_mp4_tablet=&#8221;https:\/\/player.vimeo.com\/progressive_redirect\/playback\/1156457936\/rendition\/720p\/file.mp4%20%28720p%29.mp4?loc=external&#038;signature=98cfb0695a6345b08578de7791ab49dc8a9bf2b27fd1c88c05b3f8f956048331&#8243; background_video_mp4_phone=&#8221;https:\/\/player.vimeo.com\/progressive_redirect\/playback\/1156457357\/rendition\/2160p\/file.mp4%20%282160p%29.mp4?loc=external&#038;signature=d882e04432dc151291077662cfadb68f30b2c859d57698ae42aa13a3c6a17214&#8243; background_enable_video_mp4_tablet=&#8221;on&#8221; background_enable_video_mp4_phone=&#8221;on&#8221; background_enable_video_webm_tablet=&#8221;off&#8221; background_enable_video_webm_phone=&#8221;off&#8221; locked=&#8221;off&#8221; global_colors_info=&#8221;{}&#8221; sticky_enabled=&#8221;0&#8243;][et_pb_row _builder_version=&#8221;4.27.4&#8243; _module_preset=&#8221;default&#8221; background_enable_image=&#8221;off&#8221; width=&#8221;60%&#8221; width_tablet=&#8221;100%&#8221; width_phone=&#8221;100%&#8221; width_last_edited=&#8221;on|phone&#8221; module_alignment=&#8221;center&#8221; custom_margin=&#8221;0px||40px||false|false&#8221; custom_margin_tablet=&#8221;-20px||0px||false|false&#8221; custom_margin_phone=&#8221;0px||0px||false|false&#8221; custom_margin_last_edited=&#8221;on|desktop&#8221; custom_padding=&#8221;||40px||false|false&#8221; background_last_edited=&#8221;on|phone&#8221; background_enable_image_tablet=&#8221;off&#8221; background_enable_image_phone=&#8221;off&#8221; locked=&#8221;off&#8221; global_colors_info=&#8221;{}&#8221;][et_pb_column type=&#8221;4_4&#8243; _builder_version=&#8221;4.25.1&#8243; _module_preset=&#8221;default&#8221; global_colors_info=&#8221;{}&#8221;][et_pb_text content_tablet=&#8221;<\/p>\n<p><span style=%22display: block; font-size: 18px; margin-bottom: 20px;%22>NEW<\/span><\/p>\n<h1>Col\u00b7lecci\u00f3 Kirei: autenticitat sostenible<\/h1>\n<p>&#8221; content_phone=&#8221;<\/p>\n<p><span style=%22display: block; font-size: 18px; margin-bottom: 20px;%22>NEW<\/span><\/p>\n<h1>Col\u00b7lecci\u00f3 Kirei: autenticitat sostenible<\/h1>\n<p>&#8221; content_last_edited=&#8221;on|phone&#8221; admin_label=&#8221;T\u00edtulo&#8221; _builder_version=&#8221;4.27.5&#8243; _module_preset=&#8221;default&#8221; text_font=&#8221;&#8211;et_global_body_font|500|||||||&#8221; text_text_color=&#8221;#FFFFFF&#8221; text_line_height=&#8221;1.4em&#8221; header_font=&#8221;Graphik Bold||||||||&#8221; header_text_align=&#8221;center&#8221; header_text_color=&#8221;#FFFFFF&#8221; header_font_size=&#8221;24px&#8221; header_line_height=&#8221;1.2em&#8221; text_orientation=&#8221;center&#8221; background_layout=&#8221;dark&#8221; width=&#8221;100%&#8221; width_tablet=&#8221;80%&#8221; width_phone=&#8221;90%&#8221; width_last_edited=&#8221;on|tablet&#8221; module_alignment=&#8221;center&#8221; custom_margin=&#8221;0px||0px||false|false&#8221; custom_margin_tablet=&#8221;||0px||false|false&#8221; custom_margin_phone=&#8221;0px||0px||false|false&#8221; custom_margin_last_edited=&#8221;on|phone&#8221; custom_padding=&#8221;||1px||false|false&#8221; text_font_size_tablet=&#8221;20px&#8221; text_font_size_phone=&#8221;16px&#8221; text_font_size_last_edited=&#8221;off|desktop&#8221; text_line_height_tablet=&#8221;1em&#8221; text_line_height_phone=&#8221;1.4em&#8221; text_line_height_last_edited=&#8221;off|desktop&#8221; header_font_size_tablet=&#8221;24px&#8221; header_font_size_phone=&#8221;24px&#8221; header_font_size_last_edited=&#8221;on|desktop&#8221; locked=&#8221;off&#8221; inline_fonts=&#8221;Arial,Graphik regular&#8221; global_colors_info=&#8221;{}&#8221;]<\/p>\n<p><span style=\"display: block; font-size: 18px; margin-bottom: 20px;\">NEW<\/span><\/p>\n<h1>Col\u00b7lecci\u00f3 Kirei: autenticitat sostenible<\/h1>\n<p>[\/et_pb_text][\/et_pb_column][\/et_pb_row][\/et_pb_section][et_pb_section fb_built=&#8221;1&#8243; _builder_version=&#8221;4.27.4&#8243; _module_preset=&#8221;default&#8221; locked=&#8221;off&#8221; global_colors_info=&#8221;{}&#8221;][et_pb_row admin_label=&#8221;INTRO&#8221; _builder_version=&#8221;4.27.5&#8243; _module_preset=&#8221;default&#8221; width=&#8221;30%&#8221; width_tablet=&#8221;88%&#8221; width_phone=&#8221;90%&#8221; width_last_edited=&#8221;on|tablet&#8221; module_alignment=&#8221;center&#8221; custom_margin=&#8221;||40px||false|false&#8221; custom_padding=&#8221;||||false|false&#8221; locked=&#8221;off&#8221; global_colors_info=&#8221;{}&#8221;][et_pb_column type=&#8221;4_4&#8243; _builder_version=&#8221;4.27.4&#8243; _module_preset=&#8221;default&#8221; global_colors_info=&#8221;{}&#8221;][et_pb_text _builder_version=&#8221;4.27.5&#8243; _module_preset=&#8221;default&#8221; text_font=&#8221;Graphik regular||||||||&#8221; text_line_height=&#8221;1.4em&#8221; link_font=&#8221;||||on||||&#8221; header_3_line_height=&#8221;1.2em&#8221; text_orientation=&#8221;center&#8221; width_tablet=&#8221;&#8221; width_phone=&#8221;&#8221; width_last_edited=&#8221;on|phone&#8221; module_alignment=&#8221;center&#8221; custom_margin=&#8221;||||false|false&#8221; custom_padding=&#8221;||||false|false&#8221; inline_fonts=&#8221;Graphik regular&#8221; global_colors_info=&#8221;{}&#8221;]<\/p>\n<p>Aquesta nova col\u00b7lecci\u00f3 de mobles combina la sobrietat contempor\u00e0nia del microciment amb la calidesa de la fusta de teca reciclada. Disponible en elegants tons antracita i cappuccino, cada pe\u00e7a aporta car\u00e0cter i sofisticaci\u00f3 a qualsevol espai.<\/p>\n<p>[\/et_pb_text][\/et_pb_column][\/et_pb_row][et_pb_row admin_label=&#8221;Fotos&#8221; _builder_version=&#8221;4.27.4&#8243; _module_preset=&#8221;default&#8221; width=&#8221;90%&#8221; width_tablet=&#8221;93%&#8221; width_phone=&#8221;90%&#8221; width_last_edited=&#8221;on|tablet&#8221; custom_margin=&#8221;20px||||false|false&#8221; custom_margin_tablet=&#8221;20px||||false|false&#8221; custom_margin_phone=&#8221;20px||0px||false|false&#8221; custom_margin_last_edited=&#8221;on|phone&#8221; custom_padding=&#8221;0px||0px||false|false&#8221; locked=&#8221;off&#8221; global_colors_info=&#8221;{}&#8221;][et_pb_column type=&#8221;4_4&#8243; _builder_version=&#8221;4.27.3&#8243; _module_preset=&#8221;default&#8221; global_colors_info=&#8221;{}&#8221;][et_pb_image src=&#8221;https:\/\/pilma.com\/wp-content\/uploads\/2025\/12\/ambiente-aparador-alto-mueble-tv-150-kirei-antracita-lampara-sobremesa-pie-fad-santa-cole-pilma.jpg&#8221; title_text=&#8221;ambiente-aparador-alto-mueble-tv-150-kirei-antracita-lampara-sobremesa-pie-fad-santa-cole-pilma&#8221; url=&#8221;https:\/\/pilma.com\/ca\/colleccio\/kirei\/&#8221; url_new_window=&#8221;on&#8221; show_bottom_space=&#8221;off&#8221; _builder_version=&#8221;4.27.5&#8243; _module_preset=&#8221;default&#8221; width=&#8221;50%&#8221; width_tablet=&#8221;100%&#8221; width_phone=&#8221;100%&#8221; width_last_edited=&#8221;on|phone&#8221; module_alignment=&#8221;center&#8221; custom_margin=&#8221;0px||||false|false&#8221; custom_padding=&#8221;0px||||false|false&#8221; hover_enabled=&#8221;0&#8243; global_colors_info=&#8221;{}&#8221; sticky_enabled=&#8221;0&#8243;][\/et_pb_image][et_pb_text admin_label=&#8221;Pie foto&#8221; _builder_version=&#8221;4.27.5&#8243; _module_preset=&#8221;default&#8221; text_font=&#8221;||||||||&#8221; text_font_size=&#8221;14px&#8221; text_line_height=&#8221;1.4em&#8221; width=&#8221;50%&#8221; width_tablet=&#8221;100%&#8221; width_phone=&#8221;100%&#8221; width_last_edited=&#8221;on|desktop&#8221; module_alignment=&#8221;center&#8221; custom_margin=&#8221;10px||||false|false&#8221; custom_padding=&#8221;|||0px|false|false&#8221; custom_padding_tablet=&#8221;|||0px|false|false&#8221; custom_padding_phone=&#8221;|||0px|false|false&#8221; custom_padding_last_edited=&#8221;on|desktop&#8221; locked=&#8221;off&#8221; global_colors_info=&#8221;{}&#8221;]<\/p>\n<p><strong>Bufet alt i moble TV Kirei amb sobre de microciment en acabat antracita de PLM Design; llums de sobretaula i de peu FAD de Santa &amp; Cole.<\/strong><\/p>\n<p>[\/et_pb_text][\/et_pb_column][\/et_pb_row][et_pb_row column_structure=&#8221;1_2,1_2&#8243; admin_label=&#8221;Fotos TAMBORA&#8221; _builder_version=&#8221;4.27.5&#8243; _module_preset=&#8221;default&#8221; width=&#8221;100%&#8221; max_width=&#8221;1400px&#8221; custom_margin=&#8221;40px||||false|false&#8221; custom_margin_tablet=&#8221;0px||||false|false&#8221; custom_margin_phone=&#8221;0px||||false|false&#8221; custom_margin_last_edited=&#8221;on|phone&#8221; custom_padding=&#8221;40px||||false|false&#8221; locked=&#8221;off&#8221; global_colors_info=&#8221;{}&#8221;][et_pb_column type=&#8221;1_2&#8243; _builder_version=&#8221;4.27.4&#8243; _module_preset=&#8221;default&#8221; global_colors_info=&#8221;{}&#8221;][et_pb_image src=&#8221;https:\/\/pilma.com\/wp-content\/uploads\/2025\/12\/ambiente-aparador-kirei-antracita-lampara-sobremesa-gatto-flos-pilma.jpg&#8221; alt=&#8221;Principal&#8221; title_text=&#8221;ambiente-aparador-kirei-antracita-lampara-sobremesa-gatto-flos-pilma&#8221; url=&#8221;https:\/\/pilma.com\/ca\/producte\/bufet-kirei-de-teca-reciclada-i-microciment-150-x-45-x-80-cm\/&#8221; url_new_window=&#8221;on&#8221; show_bottom_space=&#8221;off&#8221; _builder_version=&#8221;4.27.5&#8243; _module_preset=&#8221;default&#8221; width=&#8221;80%&#8221; width_tablet=&#8221;93%&#8221; width_phone=&#8221;90%&#8221; width_last_edited=&#8221;on|phone&#8221; module_alignment=&#8221;center&#8221; custom_margin=&#8221;80px|||40px|false|false&#8221; custom_margin_tablet=&#8221;20px|||0px|false|false&#8221; custom_margin_phone=&#8221;20px|||0px|false|false&#8221; custom_margin_last_edited=&#8221;on|phone&#8221; hover_enabled=&#8221;0&#8243; global_colors_info=&#8221;{}&#8221; sticky_enabled=&#8221;0&#8243;][\/et_pb_image][et_pb_text admin_label=&#8221;Pie foto&#8221; _builder_version=&#8221;4.27.5&#8243; _module_preset=&#8221;default&#8221; text_font=&#8221;||||||||&#8221; text_font_size=&#8221;14px&#8221; text_line_height=&#8221;1.4em&#8221; width=&#8221;80%&#8221; width_tablet=&#8221;100%&#8221; width_phone=&#8221;100%&#8221; width_last_edited=&#8221;on|tablet&#8221; module_alignment=&#8221;center&#8221; custom_margin=&#8221;10px||||false|false&#8221; custom_padding=&#8221;|||0px|false|false&#8221; custom_padding_tablet=&#8221;|||28px|false|false&#8221; custom_padding_phone=&#8221;|||20px|false|false&#8221; custom_padding_last_edited=&#8221;on|desktop&#8221; module_alignment_tablet=&#8221;center&#8221; module_alignment_phone=&#8221;center&#8221; module_alignment_last_edited=&#8221;on|phone&#8221; locked=&#8221;off&#8221; global_colors_info=&#8221;{}&#8221;]<\/p>\n<p class=\"graphik-bold\"><strong>Bufet Kirei amb sobre de microciment en acabat antracita de PLM Design; llum de sobretaula Gatto piccolo de Flos.<\/strong><\/p>\n<p>[\/et_pb_text][\/et_pb_column][et_pb_column type=&#8221;1_2&#8243; _builder_version=&#8221;4.27.3&#8243; _module_preset=&#8221;default&#8221; global_colors_info=&#8221;{}&#8221;][et_pb_image src=&#8221;https:\/\/pilma.com\/wp-content\/uploads\/2025\/12\/ambiente-aparador-mesa-redonda-130-kirei-antracita-silla-varma-fresno-piel-negra-lampara-sobremesa-gatto-flos-pilma.jpg&#8221; title_text=&#8221;ambiente-aparador-mesa-redonda-130-kirei-antracita-silla-varma-fresno-piel-negra-lampara-sobremesa-gatto-flos-pilma&#8221; url=&#8221;https:\/\/pilma.com\/ca\/producte\/taula-rodona-kirei-de-teca-reciclada-i-microciment-o130-x-78-cm\/&#8221; url_new_window=&#8221;on&#8221; show_bottom_space=&#8221;off&#8221; _builder_version=&#8221;4.27.5&#8243; _module_preset=&#8221;default&#8221; width_tablet=&#8221;93%&#8221; width_phone=&#8221;90%&#8221; width_last_edited=&#8221;on|desktop&#8221; module_alignment=&#8221;center&#8221; custom_margin=&#8221;|50px|||false|false&#8221; custom_margin_tablet=&#8221;20px|50px|||false|false&#8221; custom_margin_phone=&#8221;30px||0px||false|false&#8221; custom_margin_last_edited=&#8221;on|phone&#8221; custom_padding=&#8221;||0px||false|false&#8221; hover_enabled=&#8221;0&#8243; module_alignment_last_edited=&#8221;off|phone&#8221; global_colors_info=&#8221;{}&#8221; sticky_enabled=&#8221;0&#8243;][\/et_pb_image][et_pb_text content_last_edited=&#8221;off|phone&#8221; admin_label=&#8221;Pie foto&#8221; _builder_version=&#8221;4.27.5&#8243; _module_preset=&#8221;default&#8221; text_font=&#8221;||||||||&#8221; text_font_size=&#8221;14px&#8221; text_line_height=&#8221;1.4em&#8221; position_origin_a=&#8221;top_right&#8221; width=&#8221;100%&#8221; width_tablet=&#8221;100%&#8221; width_phone=&#8221;90%&#8221; width_last_edited=&#8221;on|tablet&#8221; custom_margin=&#8221;10px||||false|false&#8221; custom_margin_tablet=&#8221;|||28px|false|false&#8221; custom_margin_phone=&#8221;10px|||20px|false|false&#8221; custom_margin_last_edited=&#8221;on|tablet&#8221; locked=&#8221;off&#8221; global_colors_info=&#8221;{}&#8221;]<\/p>\n<p class=\"graphik-bold\"><strong>Taula rodona Kirei i bufet amb sobre de microciment en acabat antracita de PLM Design; cadira Varma de freixe mass\u00eds tenyida de noguera i pell negre; llum de sobretaula Gatto piccolo de Flos.<\/strong><\/p>\n<p>[\/et_pb_text][\/et_pb_column][\/et_pb_row][et_pb_row admin_label=&#8221;INTRO&#8221; _builder_version=&#8221;4.27.5&#8243; _module_preset=&#8221;default&#8221; width=&#8221;50%&#8221; width_tablet=&#8221;88%&#8221; width_phone=&#8221;90%&#8221; width_last_edited=&#8221;on|tablet&#8221; module_alignment=&#8221;center&#8221; custom_margin=&#8221;||||false|false&#8221; custom_padding=&#8221;||||false|false&#8221; locked=&#8221;off&#8221; global_colors_info=&#8221;{}&#8221;][et_pb_column type=&#8221;4_4&#8243; _builder_version=&#8221;4.27.4&#8243; _module_preset=&#8221;default&#8221; global_colors_info=&#8221;{}&#8221;][et_pb_text _builder_version=&#8221;4.27.5&#8243; _module_preset=&#8221;default&#8221; text_font=&#8221;Graphik regular||||||||&#8221; text_font_size=&#8221;20px&#8221; text_line_height=&#8221;1.4em&#8221; link_font=&#8221;||||on||||&#8221; header_3_line_height=&#8221;1.2em&#8221; text_orientation=&#8221;center&#8221; width_tablet=&#8221;&#8221; width_phone=&#8221;&#8221; width_last_edited=&#8221;on|phone&#8221; module_alignment=&#8221;center&#8221; custom_margin=&#8221;||||false|false&#8221; custom_padding=&#8221;||||false|false&#8221; inline_fonts=&#8221;Graphik regular&#8221; global_colors_info=&#8221;{}&#8221;]<\/p>\n<p>Kirei destaca per la for\u00e7a dels seus materials convivint amb naturalitat per donar forma a una col\u00b7lecci\u00f3 d&#8217;aparadors, mobles de TV i taules plenes d&#8217;autenticitat.<\/p>\n<p>[\/et_pb_text][et_pb_button button_url=&#8221;https:\/\/pilma.com\/ca\/colleccio\/kirei\/&#8221; button_text=&#8221;descobrir tota la col\u00b7lecci\u00f3&#8221; button_alignment=&#8221;center&#8221; _builder_version=&#8221;4.27.5&#8243; _module_preset=&#8221;default&#8221; custom_button=&#8221;on&#8221; button_text_size=&#8221;16px&#8221; button_text_color=&#8221;#000000&#8243; button_border_width=&#8221;1px&#8221; button_border_color=&#8221;#000000&#8243; button_border_radius=&#8221;4px&#8221; button_use_icon=&#8221;off&#8221; custom_margin=&#8221;50px||0px||false|false&#8221; custom_padding=&#8221;||||false|false&#8221; locked=&#8221;off&#8221; global_colors_info=&#8221;{}&#8221; button_bg_color__hover_enabled=&#8221;on|desktop&#8221; button_bg_color__hover=&#8221;#000000&#8243; button_bg_enable_color__hover=&#8221;on&#8221; button_border_width__hover_enabled=&#8221;on|hover&#8221; button_border_width__hover=&#8221;1px&#8221; button_border_color__hover_enabled=&#8221;on|hover&#8221; button_border_color__hover=&#8221;#000000&#8243; button_text_color__hover_enabled=&#8221;on|hover&#8221; button_text_color__hover=&#8221;#FFFFFF&#8221;][\/et_pb_button][\/et_pb_column][\/et_pb_row][\/et_pb_section][et_pb_section fb_built=&#8221;1&#8243; disabled_on=&#8221;off|off|off&#8221; admin_label=&#8221;FOTO FAMILIA&#8221; _builder_version=&#8221;4.27.5&#8243; _module_preset=&#8221;default&#8221; background_image=&#8221;https:\/\/pilma.com\/wp-content\/uploads\/2026\/01\/ambiente-aparador-alto-aparador-mueble-tv-200-kirei-cappucino-lamparas-sobremesa-nessino-artemide-pilma-01-1920&#215;1050-1.jpg&#8221; background_enable_video_mp4=&#8221;off&#8221; background_enable_video_webm=&#8221;off&#8221; background_video_width=&#8221;1920&#8243; background_video_height=&#8221;1050&#8243; width=&#8221;100%&#8221; height=&#8221;46.25vw&#8221; height_tablet=&#8221;100vw&#8221; height_phone=&#8221;100vw&#8221; height_last_edited=&#8221;on|phone&#8221; display_conditions=&#8221;W10=&#8221; link_option_url=&#8221;https:\/\/pilma.com\/ca\/colleccio\/kirei\/&#8221; hover_enabled=&#8221;0&#8243; background_last_edited=&#8221;on|phone&#8221; background_image_tablet=&#8221;https:\/\/pilma.com\/wp-content\/uploads\/2026\/01\/ambiente-aparador-alto-aparador-mueble-tv-200-kirei-cappucino-lamparas-sobremesa-nessino-artemide-pilma-01_1920x1920.jpg&#8221; background_image_phone=&#8221;https:\/\/pilma.com\/wp-content\/uploads\/2026\/01\/ambiente-aparador-alto-aparador-mueble-tv-200-kirei-cappucino-lamparas-sobremesa-nessino-artemide-pilma-02_1200x1920.jpg&#8221; background_enable_image_tablet=&#8221;on&#8221; background_enable_image_phone=&#8221;on&#8221; locked=&#8221;off&#8221; global_colors_info=&#8221;{}&#8221; sticky_enabled=&#8221;0&#8243;][\/et_pb_section][et_pb_section fb_built=&#8221;1&#8243; _builder_version=&#8221;4.27.4&#8243; _module_preset=&#8221;default&#8221; locked=&#8221;off&#8221; global_colors_info=&#8221;{}&#8221;][et_pb_row admin_label=&#8221;INTRO&#8221; _builder_version=&#8221;4.27.5&#8243; _module_preset=&#8221;default&#8221; width=&#8221;30%&#8221; width_tablet=&#8221;88%&#8221; width_phone=&#8221;90%&#8221; width_last_edited=&#8221;on|tablet&#8221; module_alignment=&#8221;center&#8221; custom_margin=&#8221;||40px||false|false&#8221; custom_padding=&#8221;||||false|false&#8221; locked=&#8221;off&#8221; global_colors_info=&#8221;{}&#8221;][et_pb_column type=&#8221;4_4&#8243; _builder_version=&#8221;4.27.4&#8243; _module_preset=&#8221;default&#8221; global_colors_info=&#8221;{}&#8221;][et_pb_text _builder_version=&#8221;4.27.5&#8243; _module_preset=&#8221;default&#8221; text_font=&#8221;Graphik regular||||||||&#8221; text_line_height=&#8221;1.4em&#8221; link_font=&#8221;||||on||||&#8221; header_3_line_height=&#8221;1.2em&#8221; text_orientation=&#8221;center&#8221; width_tablet=&#8221;&#8221; width_phone=&#8221;&#8221; width_last_edited=&#8221;on|phone&#8221; module_alignment=&#8221;center&#8221; custom_margin=&#8221;||||false|false&#8221; custom_padding=&#8221;||||false|false&#8221; inline_fonts=&#8221;Graphik regular&#8221; global_colors_info=&#8221;{}&#8221;]<\/p>\n<p>De l\u00ednies netes i una est\u00e8tica minimalista amb un toc suau, aquesta col\u00b7lecci\u00f3 de mobles de fusta transmet en cada detall car\u00e0cter i serenor. Cada moble est\u00e0 disponible en dues mides, adaptant-se aix\u00ed a diferents espais.<\/p>\n<p>[\/et_pb_text][\/et_pb_column][\/et_pb_row][et_pb_row column_structure=&#8221;1_2,1_2&#8243; admin_label=&#8221;Fila&#8221; _builder_version=&#8221;4.27.4&#8243; _module_preset=&#8221;default&#8221; width=&#8221;100%&#8221; max_width=&#8221;1400px&#8221; custom_margin=&#8221;30px||||false|false&#8221; custom_padding=&#8221;||||false|false&#8221; locked=&#8221;off&#8221; global_colors_info=&#8221;{}&#8221;][et_pb_column type=&#8221;1_2&#8243; _builder_version=&#8221;4.27.3&#8243; _module_preset=&#8221;default&#8221; global_colors_info=&#8221;{}&#8221;][et_pb_image src=&#8221;https:\/\/pilma.com\/wp-content\/uploads\/2025\/12\/ambiente-mesa-ovalada-kirei-cappuccino-silla-keula-piel-chocolate-pilma.jpg&#8221; alt=&#8221;Principal&#8221; title_text=&#8221;ambiente-mesa-ovalada-kirei-cappuccino-silla-keula-piel-chocolate-pilma&#8221; url=&#8221;https:\/\/pilma.com\/ca\/producte\/taula-ovalada-kirei-de-teca-reciclada-i-microciment-240-x-110-x-78-cm\/&#8221; show_bottom_space=&#8221;off&#8221; _builder_version=&#8221;4.27.5&#8243; _module_preset=&#8221;default&#8221; width_tablet=&#8221;93%&#8221; width_phone=&#8221;90%&#8221; width_last_edited=&#8221;on|desktop&#8221; module_alignment=&#8221;center&#8221; custom_margin=&#8221;|50px|||false|false&#8221; hover_enabled=&#8221;0&#8243; module_alignment_last_edited=&#8221;off|phone&#8221; global_colors_info=&#8221;{}&#8221; sticky_enabled=&#8221;0&#8243;][\/et_pb_image][et_pb_text content_last_edited=&#8221;off|desktop&#8221; admin_label=&#8221;Pie foto&#8221; _builder_version=&#8221;4.27.5&#8243; _module_preset=&#8221;default&#8221; text_font=&#8221;||||||||&#8221; text_font_size=&#8221;14px&#8221; text_line_height=&#8221;1.4em&#8221; position_origin_a=&#8221;top_right&#8221; width=&#8221;100%&#8221; width_tablet=&#8221;93%&#8221; width_phone=&#8221;90%&#8221; width_last_edited=&#8221;on|tablet&#8221; custom_margin=&#8221;10px||||false|false&#8221; custom_margin_tablet=&#8221;|||28px|false|false&#8221; custom_margin_phone=&#8221;10px|||20px|false|false&#8221; custom_margin_last_edited=&#8221;on|tablet&#8221; global_colors_info=&#8221;{}&#8221;]<\/p>\n<p><strong>Taula ovalada Kirei amb sobre de microciment en acabat cappuccino i cadires Keula amb seient de pell de color xocolata de PLM Design.<\/strong><span style=\"text-decoration: underline;\"><br \/><\/span><\/p>\n<p>[\/et_pb_text][\/et_pb_column][et_pb_column type=&#8221;1_2&#8243; _builder_version=&#8221;4.27.3&#8243; _module_preset=&#8221;default&#8221; global_colors_info=&#8221;{}&#8221;][et_pb_image src=&#8221;https:\/\/pilma.com\/wp-content\/uploads\/2025\/12\/ambiente-mesa-redonda-160-kirei-cappuccino-silla-keula-piel-cappuccino-pilma.jpg&#8221; title_text=&#8221;ambiente-mesa-redonda-160-kirei-cappuccino-silla-keula-piel-cappuccino-pilma&#8221; url=&#8221;https:\/\/pilma.com\/ca\/producte\/taula-rodona-kirei-de-teca-reciclada-i-microciment-o160-x-78-cm\/&#8221; show_bottom_space=&#8221;off&#8221; _builder_version=&#8221;4.27.5&#8243; _module_preset=&#8221;default&#8221; width=&#8221;80%&#8221; width_tablet=&#8221;93%&#8221; width_phone=&#8221;90%&#8221; width_last_edited=&#8221;on|phone&#8221; module_alignment=&#8221;center&#8221; custom_margin=&#8221;80px|||40px|false|false&#8221; custom_margin_tablet=&#8221;20px|||0px|false|false&#8221; custom_margin_phone=&#8221;30px|||0px|false|false&#8221; custom_margin_last_edited=&#8221;on|phone&#8221; custom_padding=&#8221;||||false|false&#8221; hover_enabled=&#8221;0&#8243; global_colors_info=&#8221;{}&#8221; sticky_enabled=&#8221;0&#8243;][\/et_pb_image][et_pb_text content_last_edited=&#8221;off|desktop&#8221; admin_label=&#8221;Pie foto&#8221; _builder_version=&#8221;4.27.5&#8243; _module_preset=&#8221;default&#8221; text_font=&#8221;||||||||&#8221; text_font_size=&#8221;14px&#8221; text_line_height=&#8221;1.4em&#8221; position_origin_a=&#8221;top_right&#8221; width=&#8221;80%&#8221; width_tablet=&#8221;93%&#8221; width_phone=&#8221;90%&#8221; width_last_edited=&#8221;on|tablet&#8221; custom_margin=&#8221;10px|||65px|false|false&#8221; custom_margin_tablet=&#8221;|||28px|false|false&#8221; custom_margin_phone=&#8221;|||20px|false|false&#8221; custom_margin_last_edited=&#8221;on|tablet&#8221; custom_padding=&#8221;0px||||false|false&#8221; global_colors_info=&#8221;{}&#8221;]<\/p>\n<p><strong>Taula rodona Kirei amb sobre de microciment en acabat cappuccino i cadires Keula amb seient de pell en color xocolata de PLM Design.<\/strong><\/p>\n<p>[\/et_pb_text][\/et_pb_column][\/et_pb_row][et_pb_row admin_label=&#8221;Fotos&#8221; _builder_version=&#8221;4.27.4&#8243; _module_preset=&#8221;default&#8221; width=&#8221;90%&#8221; width_tablet=&#8221;93%&#8221; width_phone=&#8221;90%&#8221; width_last_edited=&#8221;on|tablet&#8221; custom_margin=&#8221;20px||||false|false&#8221; custom_margin_tablet=&#8221;20px||||false|false&#8221; custom_margin_phone=&#8221;20px||0px||false|false&#8221; custom_margin_last_edited=&#8221;on|phone&#8221; custom_padding=&#8221;0px||0px||false|false&#8221; locked=&#8221;off&#8221; global_colors_info=&#8221;{}&#8221;][et_pb_column type=&#8221;4_4&#8243; _builder_version=&#8221;4.27.3&#8243; _module_preset=&#8221;default&#8221; global_colors_info=&#8221;{}&#8221;][et_pb_image src=&#8221;https:\/\/pilma.com\/wp-content\/uploads\/2025\/12\/ambiente-aparador-alto-aparador-mueble-tv-200-kirei-cappucino-lamparas-sobremesa-nessino-artemide-pilma-03.jpg&#8221; title_text=&#8221;ambiente-aparador-alto-aparador-mueble-tv-200-kirei-cappucino-lamparas-sobremesa-nessino-artemide-pilma-03&#8243; url=&#8221;https:\/\/pilma.com\/ca\/colleccio\/kirei\/&#8221; url_new_window=&#8221;on&#8221; show_bottom_space=&#8221;off&#8221; _builder_version=&#8221;4.27.5&#8243; _module_preset=&#8221;default&#8221; width=&#8221;50%&#8221; width_tablet=&#8221;100%&#8221; width_phone=&#8221;100%&#8221; width_last_edited=&#8221;on|phone&#8221; module_alignment=&#8221;center&#8221; custom_margin=&#8221;0px||||false|false&#8221; custom_padding=&#8221;0px||||false|false&#8221; hover_enabled=&#8221;0&#8243; global_colors_info=&#8221;{}&#8221; sticky_enabled=&#8221;0&#8243;][\/et_pb_image][et_pb_text admin_label=&#8221;Pie foto&#8221; _builder_version=&#8221;4.27.5&#8243; _module_preset=&#8221;default&#8221; text_font=&#8221;||||||||&#8221; text_font_size=&#8221;14px&#8221; text_line_height=&#8221;1.4em&#8221; width=&#8221;50%&#8221; width_tablet=&#8221;100%&#8221; width_phone=&#8221;100%&#8221; width_last_edited=&#8221;on|desktop&#8221; module_alignment=&#8221;center&#8221; custom_margin=&#8221;10px||||false|false&#8221; custom_padding=&#8221;|||0px|false|false&#8221; custom_padding_tablet=&#8221;|||0px|false|false&#8221; custom_padding_phone=&#8221;|||0px|false|false&#8221; custom_padding_last_edited=&#8221;on|desktop&#8221; locked=&#8221;off&#8221; global_colors_info=&#8221;{}&#8221;]<\/p>\n<p><strong>Detall dels mobles de la col\u00b7lecci\u00f3 Kirei amb sobre de microciment en acabat cappuccino de PLM Design; llums de sobretaula Nessino en blanc d&#8217;Artemide.<\/strong><\/p>\n<p>[\/et_pb_text][\/et_pb_column][\/et_pb_row][et_pb_row admin_label=&#8221;INTRO&#8221; _builder_version=&#8221;4.27.5&#8243; _module_preset=&#8221;default&#8221; width=&#8221;30%&#8221; width_tablet=&#8221;88%&#8221; width_phone=&#8221;90%&#8221; width_last_edited=&#8221;on|tablet&#8221; module_alignment=&#8221;center&#8221; custom_margin=&#8221;60px|684px||auto|false|false&#8221; custom_padding=&#8221;||||false|false&#8221; locked=&#8221;off&#8221; global_colors_info=&#8221;{}&#8221;][et_pb_column type=&#8221;4_4&#8243; _builder_version=&#8221;4.27.4&#8243; _module_preset=&#8221;default&#8221; global_colors_info=&#8221;{}&#8221;][et_pb_text _builder_version=&#8221;4.27.5&#8243; _module_preset=&#8221;default&#8221; text_font=&#8221;Graphik regular||||||||&#8221; text_line_height=&#8221;1.4em&#8221; link_font=&#8221;||||on||||&#8221; header_3_line_height=&#8221;1.2em&#8221; text_orientation=&#8221;center&#8221; width_tablet=&#8221;&#8221; width_phone=&#8221;&#8221; width_last_edited=&#8221;on|phone&#8221; module_alignment=&#8221;center&#8221; custom_margin=&#8221;||||false|false&#8221; custom_padding=&#8221;||||false|false&#8221; inline_fonts=&#8221;Graphik regular&#8221; global_colors_info=&#8221;{}&#8221;]<\/p>\n<p>Kirei no nom\u00e9s \u00e9s una col\u00b7lecci\u00f3 de mobles, \u00e9s un comprom\u00eds amb la sostenibilitat i l&#8217;autenticitat ja que la seva fusta prov\u00e9 d&#8217;antigues estructures de cases, vies de tren i vaixells abandonats del sud-est asi\u00e0tic, per aix\u00f2 el mateix material t\u00e9 marques i senyals d&#8217;una vida passada que aporten car\u00e0cter i una identitat \u00fanica a cada pe\u00e7a. <\/p>\n<p><a href=\"https:\/\/pilma.com\/ca\/pilma-i-la-fusta-mobles-que-deixen-empremta\/\">Descobreix m\u00e9s sobre els nostres mobles de fusta<\/a><\/p>\n<p>[\/et_pb_text][\/et_pb_column][\/et_pb_row][et_pb_row column_structure=&#8221;1_3,1_3,1_3&#8243; use_custom_gutter=&#8221;on&#8221; gutter_width=&#8221;1&#8243; make_equal=&#8221;on&#8221; admin_label=&#8221;FOTOS SECUENCIA DETALLE MATERIAL I ACABADO&#8221; _builder_version=&#8221;4.27.4&#8243; _module_preset=&#8221;default&#8221; width=&#8221;100%&#8221; max_width=&#8221;1400px&#8221; custom_margin=&#8221;||||false|false&#8221; custom_padding=&#8221;||||false|false&#8221; locked=&#8221;off&#8221; global_colors_info=&#8221;{}&#8221;][et_pb_column type=&#8221;1_3&#8243; _builder_version=&#8221;4.27.3&#8243; _module_preset=&#8221;default&#8221; global_colors_info=&#8221;{}&#8221;][et_pb_image src=&#8221;https:\/\/pilma.com\/wp-content\/uploads\/2025\/12\/ambiente-mueble-tv-kirei-cappuccino-pilma.jpg&#8221; title_text=&#8221;ambiente-mueble-tv-kirei-cappuccino-pilma&#8221; url=&#8221;https:\/\/pilma.com\/ca\/colleccio\/kirei\/&#8221; show_bottom_space=&#8221;off&#8221; _builder_version=&#8221;4.27.5&#8243; _module_preset=&#8221;default&#8221; width=&#8221;80%&#8221; width_tablet=&#8221;93%&#8221; width_phone=&#8221;90%&#8221; width_last_edited=&#8221;on|phone&#8221; module_alignment=&#8221;center&#8221; custom_margin=&#8221;100px||||false|false&#8221; custom_margin_tablet=&#8221;20px|||0px|false|false&#8221; custom_margin_phone=&#8221;0px||0px|0px|false|false&#8221; custom_margin_last_edited=&#8221;on|desktop&#8221; custom_padding=&#8221;0px||0px||false|false&#8221; hover_enabled=&#8221;0&#8243; global_colors_info=&#8221;{}&#8221; sticky_enabled=&#8221;0&#8243;][\/et_pb_image][\/et_pb_column][et_pb_column type=&#8221;1_3&#8243; _builder_version=&#8221;4.27.3&#8243; _module_preset=&#8221;default&#8221; global_colors_info=&#8221;{}&#8221;][et_pb_image src=&#8221;https:\/\/pilma.com\/wp-content\/uploads\/2025\/12\/ambiente-mueble-tv-aparador-kirei-cappuccino-pilma.jpg&#8221; alt=&#8221;Principal&#8221; title_text=&#8221;ambiente-mueble-tv-aparador-kirei-cappuccino-pilma&#8221; url=&#8221;https:\/\/pilma.com\/ca\/colleccio\/kirei\/&#8221; show_bottom_space=&#8221;off&#8221; _builder_version=&#8221;4.27.5&#8243; _module_preset=&#8221;default&#8221; width_tablet=&#8221;93%&#8221; width_phone=&#8221;90%&#8221; width_last_edited=&#8221;on|desktop&#8221; module_alignment=&#8221;center&#8221; custom_margin=&#8221;0px|50px|||false|false&#8221; custom_margin_tablet=&#8221;0px|50px|||false|false&#8221; custom_margin_phone=&#8221;0px|50px|||false|false&#8221; custom_margin_last_edited=&#8221;on|phone&#8221; custom_padding=&#8221;50px||||false|false&#8221; hover_enabled=&#8221;0&#8243; module_alignment_last_edited=&#8221;off|phone&#8221; global_colors_info=&#8221;{}&#8221; sticky_enabled=&#8221;0&#8243;][\/et_pb_image][\/et_pb_column][et_pb_column type=&#8221;1_3&#8243; _builder_version=&#8221;4.27.3&#8243; _module_preset=&#8221;default&#8221; global_colors_info=&#8221;{}&#8221;][et_pb_image src=&#8221;https:\/\/pilma.com\/wp-content\/uploads\/2025\/12\/ambiente-aparador-kirei-cappuccino-pilma.jpg&#8221; title_text=&#8221;ambiente-aparador-kirei-cappuccino-pilma&#8221; url=&#8221;https:\/\/pilma.com\/ca\/colleccio\/kirei\/&#8221; show_bottom_space=&#8221;off&#8221; _builder_version=&#8221;4.27.5&#8243; _module_preset=&#8221;default&#8221; width=&#8221;80%&#8221; width_tablet=&#8221;93%&#8221; width_phone=&#8221;90%&#8221; width_last_edited=&#8221;on|phone&#8221; module_alignment=&#8221;center&#8221; custom_margin=&#8221;100px|||40px|false|false&#8221; custom_margin_tablet=&#8221;50px||||false|false&#8221; custom_margin_phone=&#8221;40px|||0px|false|false&#8221; custom_margin_last_edited=&#8221;on|phone&#8221; custom_padding=&#8221;||||false|false&#8221; hover_enabled=&#8221;0&#8243; global_colors_info=&#8221;{}&#8221; sticky_enabled=&#8221;0&#8243;][\/et_pb_image][\/et_pb_column][\/et_pb_row][et_pb_row admin_label=&#8221;INTRO&#8221; _builder_version=&#8221;4.27.5&#8243; _module_preset=&#8221;default&#8221; width=&#8221;30%&#8221; width_tablet=&#8221;88%&#8221; width_phone=&#8221;90%&#8221; width_last_edited=&#8221;on|tablet&#8221; module_alignment=&#8221;center&#8221; custom_margin=&#8221;60px|684px||auto|false|false&#8221; custom_padding=&#8221;||||false|false&#8221; locked=&#8221;off&#8221; global_colors_info=&#8221;{}&#8221;][et_pb_column type=&#8221;4_4&#8243; _builder_version=&#8221;4.27.4&#8243; _module_preset=&#8221;default&#8221; global_colors_info=&#8221;{}&#8221;][et_pb_text _builder_version=&#8221;4.27.5&#8243; _module_preset=&#8221;default&#8221; text_font=&#8221;Graphik regular||||||||&#8221; text_line_height=&#8221;1.4em&#8221; link_font=&#8221;||||on||||&#8221; header_3_line_height=&#8221;1.2em&#8221; text_orientation=&#8221;center&#8221; width_tablet=&#8221;&#8221; width_phone=&#8221;&#8221; width_last_edited=&#8221;on|phone&#8221; module_alignment=&#8221;center&#8221; custom_margin=&#8221;||||false|false&#8221; custom_padding=&#8221;||||false|false&#8221; inline_fonts=&#8221;Graphik regular&#8221; global_colors_info=&#8221;{}&#8221;]<\/p>\n<p>La combinaci\u00f3 de la fusta i el microciment crea un contrast equilibrat: la fusta transmet calidesa i textura, mentre que els tons del microciment no nom\u00e9s realcen la bellesa natural de la fusta, sin\u00f3 que afegeixen a la col\u00b7lecci\u00f3 un toc sofisticat.<\/p>\n<p>[\/et_pb_text][et_pb_text _builder_version=&#8221;4.27.5&#8243; _module_preset=&#8221;default&#8221; text_font=&#8221;Graphik regular||||||||&#8221; text_font_size=&#8221;20px&#8221; text_line_height=&#8221;1.4em&#8221; link_font=&#8221;||||on||||&#8221; header_3_line_height=&#8221;1.2em&#8221; text_orientation=&#8221;center&#8221; width_tablet=&#8221;&#8221; width_phone=&#8221;&#8221; width_last_edited=&#8221;on|phone&#8221; module_alignment=&#8221;center&#8221; custom_margin=&#8221;40px||||false|false&#8221; custom_padding=&#8221;40px||||false|false&#8221; inline_fonts=&#8221;Graphik regular&#8221; global_colors_info=&#8221;{}&#8221;]<\/p>\n<p>Kirei no \u00e9s nom\u00e9s disseny: <br \/>\u00e9s un comprom\u00eds amb una llar aut\u00e8ntica i sostenible<\/p>\n<p>[\/et_pb_text][et_pb_button button_url=&#8221;https:\/\/pilma.com\/ca\/colleccio\/kirei\/&#8221; button_text=&#8221;descobrir tota la col\u00b7lecci\u00f3&#8221; button_alignment=&#8221;center&#8221; _builder_version=&#8221;4.27.5&#8243; _module_preset=&#8221;default&#8221; custom_button=&#8221;on&#8221; button_text_size=&#8221;16px&#8221; button_text_color=&#8221;#000000&#8243; button_border_width=&#8221;1px&#8221; button_border_color=&#8221;#000000&#8243; button_border_radius=&#8221;4px&#8221; button_use_icon=&#8221;off&#8221; custom_margin=&#8221;50px||0px||false|false&#8221; custom_padding=&#8221;||||false|false&#8221; hover_enabled=&#8221;0&#8243; locked=&#8221;off&#8221; global_colors_info=&#8221;{}&#8221; button_bg_color__hover_enabled=&#8221;on|desktop&#8221; button_bg_color__hover=&#8221;#000000&#8243; button_bg_enable_color__hover=&#8221;on&#8221; button_border_width__hover_enabled=&#8221;on|hover&#8221; button_border_width__hover=&#8221;1px&#8221; button_border_color__hover_enabled=&#8221;on|hover&#8221; button_border_color__hover=&#8221;#000000&#8243; button_text_color__hover_enabled=&#8221;on|hover&#8221; button_text_color__hover=&#8221;#FFFFFF&#8221; sticky_enabled=&#8221;0&#8243;][\/et_pb_button][\/et_pb_column][\/et_pb_row][et_pb_row admin_label=&#8221;EDITORIAL I Otras entradas&#8221; _builder_version=&#8221;4.27.5&#8243; _module_preset=&#8221;default&#8221; width=&#8221;100%&#8221; width_tablet=&#8221;88%&#8221; width_phone=&#8221;90%&#8221; width_last_edited=&#8221;on|phone&#8221; max_width=&#8221;1600px&#8221; module_alignment=&#8221;center&#8221; custom_margin=&#8221;100px||||false|false&#8221; custom_padding=&#8221;0px||||false|false&#8221; locked=&#8221;off&#8221; global_colors_info=&#8221;{}&#8221;][et_pb_column type=&#8221;4_4&#8243; _builder_version=&#8221;4.27.4&#8243; _module_preset=&#8221;default&#8221; global_colors_info=&#8221;{}&#8221;][dsm_blog_carousel include_categories=&#8221;all&#8221; use_date=&#8221;off&#8221; use_author=&#8221;off&#8221; columns=&#8221;4&#8243; autoplay=&#8221;off&#8221; content_wrapper=&#8221;20px|20px||0px|false|false&#8221; columns_tablet=&#8221;2&#8243; columns_phone=&#8221;1&#8243; columns_last_edited=&#8221;on|phone&#8221; use_navi_tablet=&#8221;&#8221; use_navi_phone=&#8221;off&#8221; use_navi_last_edited=&#8221;on|phone&#8221; _builder_version=&#8221;4.27.5&#8243; _module_preset=&#8221;default&#8221; title_font=&#8221;Graphik Bold||||||||&#8221; title_line_height=&#8221;1.2em&#8221; body_font_size=&#8221;14px&#8221; body_line_height=&#8221;1.4em&#8221; custom_margin=&#8221;||0px||false|false&#8221; global_colors_info=&#8221;{}&#8221;][\/dsm_blog_carousel][\/et_pb_column][\/et_pb_row][\/et_pb_section]<\/p>\n","protected":false},"excerpt":{"rendered":"<p>La nova col\u00b7lecci\u00f3 d&#8217;aparadors, taules i mobles TV de teca massissa reciclada i microciment. Disponible en diferents mides i acabats. \u00a1Descobreix-la!<\/p>\n","protected":false},"author":24045,"featured_media":98270,"comment_status":"closed","ping_status":"closed","sticky":false,"template":"","format":"standard","meta":{"_acf_changed":false,"_et_pb_use_builder":"on","_et_pb_old_content":"","_et_gb_content_width":"","footnotes":""},"categories":[79],"tags":[],"class_list":["post-98772","post","type-post","status-publish","format-standard","has-post-thumbnail","hentry","category-pilma"],"acf":[],"yoast_head":"<!-- This site is optimized with the Yoast SEO plugin v27.4 - https:\/\/yoast.com\/product\/yoast-seo-wordpress\/ -->\n<title>Col\u00b7lecci\u00f3 Kirei: autenticitat sostenible - Pilma - Mobles de disseny i decoraci\u00f3 d&#039;interiors<\/title>\n<meta name=\"description\" content=\"Aparadors, taules i mobles TV de teca massissa reciclada i microciment. Disponible en diferents mides i acabats. \u00a1Descobreix-la!\" \/>\n<meta name=\"robots\" content=\"index, follow, max-snippet:-1, max-image-preview:large, max-video-preview:-1\" \/>\n<link rel=\"canonical\" href=\"https:\/\/pilma.com\/ca\/colleccio-kirei-autenticitat-sostenible\/\" \/>\n<meta property=\"og:locale\" content=\"ca_ES\" \/>\n<meta property=\"og:type\" content=\"article\" \/>\n<meta property=\"og:title\" content=\"Col\u00b7lecci\u00f3 Kirei: autenticitat sostenible - Pilma - Mobles de disseny i decoraci\u00f3 d&#039;interiors\" \/>\n<meta property=\"og:description\" content=\"Aparadors, taules i mobles TV de teca massissa reciclada i microciment. Disponible en diferents mides i acabats. \u00a1Descobreix-la!\" \/>\n<meta property=\"og:url\" content=\"https:\/\/pilma.com\/ca\/colleccio-kirei-autenticitat-sostenible\/\" \/>\n<meta property=\"og:site_name\" content=\"Pilma - Mobles de disseny i decoraci\u00f3 d&#039;interiors\" \/>\n<meta property=\"article:publisher\" content=\"https:\/\/www.facebook.com\/Pilma.es\/\" \/>\n<meta property=\"article:published_time\" content=\"2026-01-21T12:58:16+00:00\" \/>\n<meta property=\"article:modified_time\" content=\"2026-01-22T16:00:44+00:00\" \/>\n<meta property=\"og:image\" content=\"https:\/\/pilma.com\/wp-content\/uploads\/2026\/01\/ambiente-aparador-alto-aparador-mueble-tv-200-kirei-cappucino-lamparas-sobremesa-nessino-artemide-pilma-01.jpg\" \/>\n\t<meta property=\"og:image:width\" content=\"1920\" \/>\n\t<meta property=\"og:image:height\" content=\"1375\" \/>\n\t<meta property=\"og:image:type\" content=\"image\/jpeg\" \/>\n<meta name=\"author\" content=\"PILMA\" \/>\n<meta name=\"twitter:card\" content=\"summary_large_image\" \/>\n<meta name=\"twitter:creator\" content=\"@pilma_es\" \/>\n<meta name=\"twitter:site\" content=\"@pilma_es\" \/>\n<meta name=\"twitter:label1\" content=\"Escrit per\" \/>\n\t<meta name=\"twitter:data1\" content=\"PILMA\" \/>\n\t<meta name=\"twitter:label2\" content=\"Temps estimat de lectura\" \/>\n\t<meta name=\"twitter:data2\" content=\"8 minuts\" \/>\n<script type=\"application\/ld+json\" class=\"yoast-schema-graph\">{\"@context\":\"https:\\\/\\\/schema.org\",\"@graph\":[{\"@type\":\"Article\",\"@id\":\"https:\\\/\\\/pilma.com\\\/ca\\\/colleccio-kirei-autenticitat-sostenible\\\/#article\",\"isPartOf\":{\"@id\":\"https:\\\/\\\/pilma.com\\\/ca\\\/colleccio-kirei-autenticitat-sostenible\\\/\"},\"author\":{\"name\":\"PILMA\",\"@id\":\"https:\\\/\\\/pilma.com\\\/ca\\\/#\\\/schema\\\/person\\\/12af795f36504663166d3600bf04b0d9\"},\"headline\":\"Col\u00b7lecci\u00f3 Kirei: autenticitat sostenible\",\"datePublished\":\"2026-01-21T12:58:16+00:00\",\"dateModified\":\"2026-01-22T16:00:44+00:00\",\"mainEntityOfPage\":{\"@id\":\"https:\\\/\\\/pilma.com\\\/ca\\\/colleccio-kirei-autenticitat-sostenible\\\/\"},\"wordCount\":3649,\"publisher\":{\"@id\":\"https:\\\/\\\/pilma.com\\\/ca\\\/#organization\"},\"image\":{\"@id\":\"https:\\\/\\\/pilma.com\\\/ca\\\/colleccio-kirei-autenticitat-sostenible\\\/#primaryimage\"},\"thumbnailUrl\":\"https:\\\/\\\/pilma.com\\\/wp-content\\\/uploads\\\/2026\\\/01\\\/ambiente-aparador-alto-aparador-mueble-tv-200-kirei-cappucino-lamparas-sobremesa-nessino-artemide-pilma-01.jpg\",\"articleSection\":[\"Pilma\"],\"inLanguage\":\"ca\"},{\"@type\":\"WebPage\",\"@id\":\"https:\\\/\\\/pilma.com\\\/ca\\\/colleccio-kirei-autenticitat-sostenible\\\/\",\"url\":\"https:\\\/\\\/pilma.com\\\/ca\\\/colleccio-kirei-autenticitat-sostenible\\\/\",\"name\":\"Col\u00b7lecci\u00f3 Kirei: autenticitat sostenible - Pilma - Mobles de disseny i decoraci\u00f3 d'interiors\",\"isPartOf\":{\"@id\":\"https:\\\/\\\/pilma.com\\\/ca\\\/#website\"},\"primaryImageOfPage\":{\"@id\":\"https:\\\/\\\/pilma.com\\\/ca\\\/colleccio-kirei-autenticitat-sostenible\\\/#primaryimage\"},\"image\":{\"@id\":\"https:\\\/\\\/pilma.com\\\/ca\\\/colleccio-kirei-autenticitat-sostenible\\\/#primaryimage\"},\"thumbnailUrl\":\"https:\\\/\\\/pilma.com\\\/wp-content\\\/uploads\\\/2026\\\/01\\\/ambiente-aparador-alto-aparador-mueble-tv-200-kirei-cappucino-lamparas-sobremesa-nessino-artemide-pilma-01.jpg\",\"datePublished\":\"2026-01-21T12:58:16+00:00\",\"dateModified\":\"2026-01-22T16:00:44+00:00\",\"description\":\"Aparadors, taules i mobles TV de teca massissa reciclada i microciment. Disponible en diferents mides i acabats. \u00a1Descobreix-la!\",\"breadcrumb\":{\"@id\":\"https:\\\/\\\/pilma.com\\\/ca\\\/colleccio-kirei-autenticitat-sostenible\\\/#breadcrumb\"},\"inLanguage\":\"ca\",\"potentialAction\":[{\"@type\":\"ReadAction\",\"target\":[\"https:\\\/\\\/pilma.com\\\/ca\\\/colleccio-kirei-autenticitat-sostenible\\\/\"]}]},{\"@type\":\"ImageObject\",\"inLanguage\":\"ca\",\"@id\":\"https:\\\/\\\/pilma.com\\\/ca\\\/colleccio-kirei-autenticitat-sostenible\\\/#primaryimage\",\"url\":\"https:\\\/\\\/pilma.com\\\/wp-content\\\/uploads\\\/2026\\\/01\\\/ambiente-aparador-alto-aparador-mueble-tv-200-kirei-cappucino-lamparas-sobremesa-nessino-artemide-pilma-01.jpg\",\"contentUrl\":\"https:\\\/\\\/pilma.com\\\/wp-content\\\/uploads\\\/2026\\\/01\\\/ambiente-aparador-alto-aparador-mueble-tv-200-kirei-cappucino-lamparas-sobremesa-nessino-artemide-pilma-01.jpg\",\"width\":1920,\"height\":1375},{\"@type\":\"BreadcrumbList\",\"@id\":\"https:\\\/\\\/pilma.com\\\/ca\\\/colleccio-kirei-autenticitat-sostenible\\\/#breadcrumb\",\"itemListElement\":[{\"@type\":\"ListItem\",\"position\":1,\"name\":\"Home\",\"item\":\"https:\\\/\\\/pilma.com\\\/ca\\\/\"},{\"@type\":\"ListItem\",\"position\":2,\"name\":\"Col\u00b7lecci\u00f3 Kirei: autenticitat sostenible\"}]},{\"@type\":\"WebSite\",\"@id\":\"https:\\\/\\\/pilma.com\\\/ca\\\/#website\",\"url\":\"https:\\\/\\\/pilma.com\\\/ca\\\/\",\"name\":\"Pilma - Mobles de disseny i decoraci\u00f3 d'interiors\",\"description\":\"Pilma - Mobles de disseny i decoraci\u00f3 d'interiors\",\"publisher\":{\"@id\":\"https:\\\/\\\/pilma.com\\\/ca\\\/#organization\"},\"potentialAction\":[{\"@type\":\"SearchAction\",\"target\":{\"@type\":\"EntryPoint\",\"urlTemplate\":\"https:\\\/\\\/pilma.com\\\/ca\\\/?s={search_term_string}\"},\"query-input\":{\"@type\":\"PropertyValueSpecification\",\"valueRequired\":true,\"valueName\":\"search_term_string\"}}],\"inLanguage\":\"ca\"},{\"@type\":\"Organization\",\"@id\":\"https:\\\/\\\/pilma.com\\\/ca\\\/#organization\",\"name\":\"Pilma\",\"url\":\"https:\\\/\\\/pilma.com\\\/ca\\\/\",\"logo\":{\"@type\":\"ImageObject\",\"inLanguage\":\"ca\",\"@id\":\"https:\\\/\\\/pilma.com\\\/ca\\\/#\\\/schema\\\/logo\\\/image\\\/\",\"url\":\"https:\\\/\\\/pilma.com\\\/wp-content\\\/uploads\\\/2025\\\/11\\\/Pilma-512x512-1.png\",\"contentUrl\":\"https:\\\/\\\/pilma.com\\\/wp-content\\\/uploads\\\/2025\\\/11\\\/Pilma-512x512-1.png\",\"width\":512,\"height\":512,\"caption\":\"Pilma\"},\"image\":{\"@id\":\"https:\\\/\\\/pilma.com\\\/ca\\\/#\\\/schema\\\/logo\\\/image\\\/\"},\"sameAs\":[\"https:\\\/\\\/www.facebook.com\\\/Pilma.es\\\/\",\"https:\\\/\\\/x.com\\\/pilma_es\",\"https:\\\/\\\/www.instagram.com\\\/pilma.es\\\/\",\"https:\\\/\\\/es.linkedin.com\\\/company\\\/pilma-es\\\/\",\"https:\\\/\\\/www.pinterest.es\\\/pilma_es\\\/\"]},{\"@type\":\"Person\",\"@id\":\"https:\\\/\\\/pilma.com\\\/ca\\\/#\\\/schema\\\/person\\\/12af795f36504663166d3600bf04b0d9\",\"name\":\"PILMA\"}]}<\/script>\n<!-- \/ Yoast SEO plugin. -->","yoast_head_json":{"title":"Col\u00b7lecci\u00f3 Kirei: autenticitat sostenible - Pilma - Mobles de disseny i decoraci\u00f3 d'interiors","description":"Aparadors, taules i mobles TV de teca massissa reciclada i microciment. Disponible en diferents mides i acabats. \u00a1Descobreix-la!","robots":{"index":"index","follow":"follow","max-snippet":"max-snippet:-1","max-image-preview":"max-image-preview:large","max-video-preview":"max-video-preview:-1"},"canonical":"https:\/\/pilma.com\/ca\/colleccio-kirei-autenticitat-sostenible\/","og_locale":"ca_ES","og_type":"article","og_title":"Col\u00b7lecci\u00f3 Kirei: autenticitat sostenible - Pilma - Mobles de disseny i decoraci\u00f3 d'interiors","og_description":"Aparadors, taules i mobles TV de teca massissa reciclada i microciment. Disponible en diferents mides i acabats. \u00a1Descobreix-la!","og_url":"https:\/\/pilma.com\/ca\/colleccio-kirei-autenticitat-sostenible\/","og_site_name":"Pilma - Mobles de disseny i decoraci\u00f3 d'interiors","article_publisher":"https:\/\/www.facebook.com\/Pilma.es\/","article_published_time":"2026-01-21T12:58:16+00:00","article_modified_time":"2026-01-22T16:00:44+00:00","og_image":[{"width":1920,"height":1375,"url":"https:\/\/pilma.com\/wp-content\/uploads\/2026\/01\/ambiente-aparador-alto-aparador-mueble-tv-200-kirei-cappucino-lamparas-sobremesa-nessino-artemide-pilma-01.jpg","type":"image\/jpeg"}],"author":"PILMA","twitter_card":"summary_large_image","twitter_creator":"@pilma_es","twitter_site":"@pilma_es","twitter_misc":{"Escrit per":"PILMA","Temps estimat de lectura":"8 minuts"},"schema":{"@context":"https:\/\/schema.org","@graph":[{"@type":"Article","@id":"https:\/\/pilma.com\/ca\/colleccio-kirei-autenticitat-sostenible\/#article","isPartOf":{"@id":"https:\/\/pilma.com\/ca\/colleccio-kirei-autenticitat-sostenible\/"},"author":{"name":"PILMA","@id":"https:\/\/pilma.com\/ca\/#\/schema\/person\/12af795f36504663166d3600bf04b0d9"},"headline":"Col\u00b7lecci\u00f3 Kirei: autenticitat sostenible","datePublished":"2026-01-21T12:58:16+00:00","dateModified":"2026-01-22T16:00:44+00:00","mainEntityOfPage":{"@id":"https:\/\/pilma.com\/ca\/colleccio-kirei-autenticitat-sostenible\/"},"wordCount":3649,"publisher":{"@id":"https:\/\/pilma.com\/ca\/#organization"},"image":{"@id":"https:\/\/pilma.com\/ca\/colleccio-kirei-autenticitat-sostenible\/#primaryimage"},"thumbnailUrl":"https:\/\/pilma.com\/wp-content\/uploads\/2026\/01\/ambiente-aparador-alto-aparador-mueble-tv-200-kirei-cappucino-lamparas-sobremesa-nessino-artemide-pilma-01.jpg","articleSection":["Pilma"],"inLanguage":"ca"},{"@type":"WebPage","@id":"https:\/\/pilma.com\/ca\/colleccio-kirei-autenticitat-sostenible\/","url":"https:\/\/pilma.com\/ca\/colleccio-kirei-autenticitat-sostenible\/","name":"Col\u00b7lecci\u00f3 Kirei: autenticitat sostenible - Pilma - Mobles de disseny i decoraci\u00f3 d'interiors","isPartOf":{"@id":"https:\/\/pilma.com\/ca\/#website"},"primaryImageOfPage":{"@id":"https:\/\/pilma.com\/ca\/colleccio-kirei-autenticitat-sostenible\/#primaryimage"},"image":{"@id":"https:\/\/pilma.com\/ca\/colleccio-kirei-autenticitat-sostenible\/#primaryimage"},"thumbnailUrl":"https:\/\/pilma.com\/wp-content\/uploads\/2026\/01\/ambiente-aparador-alto-aparador-mueble-tv-200-kirei-cappucino-lamparas-sobremesa-nessino-artemide-pilma-01.jpg","datePublished":"2026-01-21T12:58:16+00:00","dateModified":"2026-01-22T16:00:44+00:00","description":"Aparadors, taules i mobles TV de teca massissa reciclada i microciment. Disponible en diferents mides i acabats. \u00a1Descobreix-la!","breadcrumb":{"@id":"https:\/\/pilma.com\/ca\/colleccio-kirei-autenticitat-sostenible\/#breadcrumb"},"inLanguage":"ca","potentialAction":[{"@type":"ReadAction","target":["https:\/\/pilma.com\/ca\/colleccio-kirei-autenticitat-sostenible\/"]}]},{"@type":"ImageObject","inLanguage":"ca","@id":"https:\/\/pilma.com\/ca\/colleccio-kirei-autenticitat-sostenible\/#primaryimage","url":"https:\/\/pilma.com\/wp-content\/uploads\/2026\/01\/ambiente-aparador-alto-aparador-mueble-tv-200-kirei-cappucino-lamparas-sobremesa-nessino-artemide-pilma-01.jpg","contentUrl":"https:\/\/pilma.com\/wp-content\/uploads\/2026\/01\/ambiente-aparador-alto-aparador-mueble-tv-200-kirei-cappucino-lamparas-sobremesa-nessino-artemide-pilma-01.jpg","width":1920,"height":1375},{"@type":"BreadcrumbList","@id":"https:\/\/pilma.com\/ca\/colleccio-kirei-autenticitat-sostenible\/#breadcrumb","itemListElement":[{"@type":"ListItem","position":1,"name":"Home","item":"https:\/\/pilma.com\/ca\/"},{"@type":"ListItem","position":2,"name":"Col\u00b7lecci\u00f3 Kirei: autenticitat sostenible"}]},{"@type":"WebSite","@id":"https:\/\/pilma.com\/ca\/#website","url":"https:\/\/pilma.com\/ca\/","name":"Pilma - Mobles de disseny i decoraci\u00f3 d'interiors","description":"Pilma - Mobles de disseny i decoraci\u00f3 d'interiors","publisher":{"@id":"https:\/\/pilma.com\/ca\/#organization"},"potentialAction":[{"@type":"SearchAction","target":{"@type":"EntryPoint","urlTemplate":"https:\/\/pilma.com\/ca\/?s={search_term_string}"},"query-input":{"@type":"PropertyValueSpecification","valueRequired":true,"valueName":"search_term_string"}}],"inLanguage":"ca"},{"@type":"Organization","@id":"https:\/\/pilma.com\/ca\/#organization","name":"Pilma","url":"https:\/\/pilma.com\/ca\/","logo":{"@type":"ImageObject","inLanguage":"ca","@id":"https:\/\/pilma.com\/ca\/#\/schema\/logo\/image\/","url":"https:\/\/pilma.com\/wp-content\/uploads\/2025\/11\/Pilma-512x512-1.png","contentUrl":"https:\/\/pilma.com\/wp-content\/uploads\/2025\/11\/Pilma-512x512-1.png","width":512,"height":512,"caption":"Pilma"},"image":{"@id":"https:\/\/pilma.com\/ca\/#\/schema\/logo\/image\/"},"sameAs":["https:\/\/www.facebook.com\/Pilma.es\/","https:\/\/x.com\/pilma_es","https:\/\/www.instagram.com\/pilma.es\/","https:\/\/es.linkedin.com\/company\/pilma-es\/","https:\/\/www.pinterest.es\/pilma_es\/"]},{"@type":"Person","@id":"https:\/\/pilma.com\/ca\/#\/schema\/person\/12af795f36504663166d3600bf04b0d9","name":"PILMA"}]}},"_links":{"self":[{"href":"https:\/\/pilma.com\/ca\/wp-json\/wp\/v2\/posts\/98772","targetHints":{"allow":["GET"]}}],"collection":[{"href":"https:\/\/pilma.com\/ca\/wp-json\/wp\/v2\/posts"}],"about":[{"href":"https:\/\/pilma.com\/ca\/wp-json\/wp\/v2\/types\/post"}],"author":[{"embeddable":true,"href":"https:\/\/pilma.com\/ca\/wp-json\/wp\/v2\/users\/24045"}],"replies":[{"embeddable":true,"href":"https:\/\/pilma.com\/ca\/wp-json\/wp\/v2\/comments?post=98772"}],"version-history":[{"count":0,"href":"https:\/\/pilma.com\/ca\/wp-json\/wp\/v2\/posts\/98772\/revisions"}],"wp:featuredmedia":[{"embeddable":true,"href":"https:\/\/pilma.com\/ca\/wp-json\/wp\/v2\/media\/98270"}],"wp:attachment":[{"href":"https:\/\/pilma.com\/ca\/wp-json\/wp\/v2\/media?parent=98772"}],"wp:term":[{"taxonomy":"category","embeddable":true,"href":"https:\/\/pilma.com\/ca\/wp-json\/wp\/v2\/categories?post=98772"},{"taxonomy":"post_tag","embeddable":true,"href":"https:\/\/pilma.com\/ca\/wp-json\/wp\/v2\/tags?post=98772"}],"curies":[{"name":"wp","href":"https:\/\/api.w.org\/{rel}","templated":true}]}}