{"id":106853,"date":"2026-04-30T12:09:41","date_gmt":"2026-04-30T10:09:41","guid":{"rendered":"https:\/\/pilma.com\/un-mati-amb-els-actors-de-perfectes-desconeguts\/"},"modified":"2026-04-30T13:00:32","modified_gmt":"2026-04-30T11:00:32","slug":"un-mati-amb-els-actors-de-lobra-de-perfectes-desconeguts","status":"publish","type":"post","link":"https:\/\/pilma.com\/ca\/un-mati-amb-els-actors-de-lobra-de-perfectes-desconeguts\/","title":{"rendered":"Un mat\u00ed amb els actors de l&#8217;obra de &#8220;Perfectes Desconeguts&#8221;"},"content":{"rendered":"<p>[et_pb_section fb_built=&#8221;1&#8243; disabled_on=&#8221;off|off|off&#8221; admin_label=&#8221;VIDEO&#8221; _builder_version=&#8221;4.27.6&#8243; _module_preset=&#8221;default&#8221; background_enable_color=&#8221;off&#8221; background_image=&#8221;https:\/\/pilma.com\/wp-content\/uploads\/2026\/04\/Pilma-Perfectes-desconegut-01.jpg&#8221; background_enable_video_mp4=&#8221;off&#8221; background_enable_video_webm=&#8221;off&#8221; background_video_width=&#8221;1920&#8243; background_video_height=&#8221;1080&#8243; min_height=&#8221;46.25vw&#8221; min_height_tablet=&#8221;177vw&#8221; min_height_phone=&#8221;177vw&#8221; min_height_last_edited=&#8221;on|tablet&#8221; background_last_edited=&#8221;on|desktop&#8221; background_image_tablet=&#8221;https:\/\/pilma.com\/wp-content\/uploads\/2026\/04\/Pilma-Perfectes-desconegut-01b.jpg&#8221; background_image_phone=&#8221;https:\/\/pilma.com\/wp-content\/uploads\/2026\/04\/Pilma-Perfectes-desconegut-01c.jpg&#8221; background_enable_image_tablet=&#8221;on&#8221; background_enable_image_phone=&#8221;on&#8221; background_enable_video_mp4_tablet=&#8221;off&#8221; background_enable_video_mp4_phone=&#8221;off&#8221; background_enable_video_webm_tablet=&#8221;off&#8221; background_enable_video_webm_phone=&#8221;off&#8221; background_video_width_tablet=&#8221;1920&#8243; background_video_width_phone=&#8221;1080&#8243; background_video_height_tablet=&#8221;1920&#8243; background_video_height_phone=&#8221;1920&#8243; locked=&#8221;off&#8221; global_colors_info=&#8221;{}&#8221;][et_pb_row _builder_version=&#8221;4.27.4&#8243; _module_preset=&#8221;default&#8221; background_enable_image=&#8221;off&#8221; width=&#8221;60%&#8221; width_tablet=&#8221;100%&#8221; width_phone=&#8221;100%&#8221; width_last_edited=&#8221;on|phone&#8221; module_alignment=&#8221;center&#8221; custom_margin=&#8221;0px||40px||false|false&#8221; custom_margin_tablet=&#8221;-20px||0px||false|false&#8221; custom_margin_phone=&#8221;0px||0px||false|false&#8221; custom_margin_last_edited=&#8221;on|desktop&#8221; custom_padding=&#8221;||40px||false|false&#8221; background_last_edited=&#8221;on|phone&#8221; background_enable_image_tablet=&#8221;off&#8221; background_enable_image_phone=&#8221;off&#8221; locked=&#8221;off&#8221; global_colors_info=&#8221;{}&#8221;][et_pb_column type=&#8221;4_4&#8243; _builder_version=&#8221;4.25.1&#8243; _module_preset=&#8221;default&#8221; global_colors_info=&#8221;{}&#8221;][et_pb_text content_tablet=&#8221;COL\u00b7LABORACIONS<\/p>\n<h1>Una mat\u00ed amb els actors de la obra de teatre de %22Perfectes Desconeguts%22<\/h1>\n<p>&#8221; content_phone=&#8221;COL\u00b7LABORACIONS<\/p>\n<h1>Una mat\u00ed amb els actors de la obra de teatre de %22Perfectes Desconeguts%22<\/h1>\n<p>&#8221; content_last_edited=&#8221;on|desktop&#8221; admin_label=&#8221;T\u00edtulo&#8221; _builder_version=&#8221;4.27.6&#8243; _module_preset=&#8221;default&#8221; text_font=&#8221;&#8211;et_global_body_font|500|||||||&#8221; text_text_color=&#8221;#FFFFFF&#8221; text_line_height=&#8221;1.6em&#8221; header_font=&#8221;Graphik Bold||||||||&#8221; header_text_align=&#8221;center&#8221; header_text_color=&#8221;#FFFFFF&#8221; header_font_size=&#8221;24px&#8221; header_line_height=&#8221;1.2em&#8221; text_orientation=&#8221;center&#8221; background_layout=&#8221;dark&#8221; width=&#8221;50%&#8221; width_tablet=&#8221;80%&#8221; width_phone=&#8221;90%&#8221; width_last_edited=&#8221;on|phone&#8221; module_alignment=&#8221;center&#8221; custom_margin=&#8221;0px||0px||false|false&#8221; custom_margin_tablet=&#8221;||0px||false|false&#8221; custom_margin_phone=&#8221;0px||0px||false|false&#8221; custom_margin_last_edited=&#8221;on|phone&#8221; custom_padding=&#8221;||1px||false|false&#8221; text_font_size_tablet=&#8221;20px&#8221; text_font_size_phone=&#8221;16px&#8221; text_font_size_last_edited=&#8221;off|desktop&#8221; text_line_height_tablet=&#8221;1.6em&#8221; text_line_height_phone=&#8221;1.6em&#8221; text_line_height_last_edited=&#8221;on|desktop&#8221; header_font_size_tablet=&#8221;24px&#8221; header_font_size_phone=&#8221;24px&#8221; header_font_size_last_edited=&#8221;on|desktop&#8221; text_text_shadow_style=&#8221;preset3&#8243; locked=&#8221;off&#8221; inline_fonts=&#8221;Arial,Graphik regular&#8221; global_colors_info=&#8221;{}&#8221;]<\/p>\n<p><span style=\"display: block; font-size: 18px; margin-bottom: 20px;\">COL\u00b7LABORACIONS<\/span><\/p>\n<h1><span style=\"font-size: 24px; font-family: 'Graphik Bold', Helvetica, Arial, Lucida, sans-serif;\">Un mat\u00ed amb els actors de l&#8217;obra de teatre de &#8220;Perfectes Desconeguts&#8221;<\/span><\/h1>\n<p>[\/et_pb_text][\/et_pb_column][\/et_pb_row][\/et_pb_section][et_pb_section fb_built=&#8221;1&#8243; _builder_version=&#8221;4.27.5&#8243; _module_preset=&#8221;default&#8221; custom_margin=&#8221;||0px||false|false&#8221; custom_padding=&#8221;||0px||false|false&#8221; locked=&#8221;off&#8221; global_colors_info=&#8221;{}&#8221;][et_pb_row admin_label=&#8221;INTRO&#8221; _builder_version=&#8221;4.27.4&#8243; _module_preset=&#8221;default&#8221; width=&#8221;40%&#8221; width_tablet=&#8221;88%&#8221; width_phone=&#8221;90%&#8221; width_last_edited=&#8221;on|phone&#8221; module_alignment=&#8221;center&#8221; custom_margin=&#8221;0px||||false|false&#8221; custom_padding=&#8221;0px||||false|false&#8221; locked=&#8221;off&#8221; global_colors_info=&#8221;{}&#8221;][et_pb_column type=&#8221;4_4&#8243; _builder_version=&#8221;4.27.4&#8243; _module_preset=&#8221;default&#8221; global_colors_info=&#8221;{}&#8221;][et_pb_text _builder_version=&#8221;4.27.4&#8243; _module_preset=&#8221;default&#8221; text_font=&#8221;Graphik regular||||||||&#8221; text_font_size=&#8221;20px&#8221; text_line_height=&#8221;1.4em&#8221; text_orientation=&#8221;center&#8221; width_tablet=&#8221;&#8221; width_phone=&#8221;&#8221; width_last_edited=&#8221;on|phone&#8221; module_alignment=&#8221;center&#8221; inline_fonts=&#8221;Graphik regular&#8221; global_colors_info=&#8221;{}&#8221;][\/et_pb_text][et_pb_text content_last_edited=&#8221;off|tablet&#8221; _builder_version=&#8221;4.27.6&#8243; _module_preset=&#8221;default&#8221; text_font=&#8221;Graphik regular||||||||&#8221; text_line_height=&#8221;1.4em&#8221; link_font=&#8221;||||on||||&#8221; header_3_line_height=&#8221;1.2em&#8221; text_orientation=&#8221;center&#8221; width_tablet=&#8221;&#8221; width_phone=&#8221;&#8221; width_last_edited=&#8221;on|phone&#8221; module_alignment=&#8221;center&#8221; custom_margin=&#8221;||||false|false&#8221; custom_padding=&#8221;||||false|false&#8221; text_orientation_tablet=&#8221;&#8221; text_orientation_phone=&#8221;left&#8221; text_orientation_last_edited=&#8221;on|phone&#8221; inline_fonts=&#8221;Graphik regular&#8221; global_colors_info=&#8221;{}&#8221;]<\/p>\n<p>A Pilma sempre hem ent\u00e8s els espais com a <strong>escenaris de vida.<\/strong> Per aix\u00f2, quan va sorgir l\u2019oportunitat de col\u00b7laborar amb l\u2019obra de teatre &#8220;Perfectes Desconeguts&#8221; aportant alguns <a href=\"https:\/\/pilma.com\/ca\/categoria-producte\/mobles\/\">mobles<\/a>, <a href=\"https:\/\/pilma.com\/ca\/categoria-producte\/cadires-i-tamborets\/cadires-menjador\/\">cadires<\/a> i <a href=\"https:\/\/pilma.com\/ca\/categoria-producte\/illuminacio\/\">llums<\/a> per amoblar un menjador, tot va encaixar de manera natural. L\u2019obra passa principalment en aquest espai on es viu un sopar amb amics, un eclipsi\u2026 i moltes hist\u00f2ries que surten a la llum..<\/p>\n<p>[\/et_pb_text][\/et_pb_column][\/et_pb_row][et_pb_row admin_label=&#8221;Fotos&#8221; _builder_version=&#8221;4.27.6&#8243; _module_preset=&#8221;default&#8221; width=&#8221;50%&#8221; width_tablet=&#8221;93%&#8221; width_phone=&#8221;100%&#8221; width_last_edited=&#8221;on|phone&#8221; module_alignment=&#8221;center&#8221; custom_margin=&#8221;60px||0px||false|false&#8221; custom_margin_tablet=&#8221;20px||||false|false&#8221; custom_margin_phone=&#8221;60px||0px||false|false&#8221; custom_margin_last_edited=&#8221;on|phone&#8221; custom_padding=&#8221;0px||0px||false|false&#8221; locked=&#8221;off&#8221; global_colors_info=&#8221;{}&#8221;][et_pb_column type=&#8221;4_4&#8243; _builder_version=&#8221;4.27.3&#8243; _module_preset=&#8221;default&#8221; global_colors_info=&#8221;{}&#8221;][et_pb_image src=&#8221;https:\/\/pilma.com\/wp-content\/uploads\/2026\/04\/Pilma-Perfectes-desconegut-06.jpg&#8221; title_text=&#8221;Pilma-Perfectes-desconegut-06&#8243; url_new_window=&#8221;on&#8221; show_bottom_space=&#8221;off&#8221; _builder_version=&#8221;4.27.6&#8243; _module_preset=&#8221;default&#8221; width=&#8221;100%&#8221; width_tablet=&#8221;100%&#8221; width_phone=&#8221;100%&#8221; width_last_edited=&#8221;on|phone&#8221; module_alignment=&#8221;center&#8221; custom_margin=&#8221;0px||||false|false&#8221; custom_padding=&#8221;0px||||false|false&#8221; global_colors_info=&#8221;{}&#8221;][\/et_pb_image][\/et_pb_column][\/et_pb_row][et_pb_row admin_label=&#8221;INTRO&#8221; _builder_version=&#8221;4.27.6&#8243; _module_preset=&#8221;default&#8221; width=&#8221;30%&#8221; width_tablet=&#8221;88%&#8221; width_phone=&#8221;90%&#8221; width_last_edited=&#8221;on|phone&#8221; module_alignment=&#8221;center&#8221; custom_margin=&#8221;40px||||false|false&#8221; custom_padding=&#8221;0px||||false|false&#8221; locked=&#8221;off&#8221; global_colors_info=&#8221;{}&#8221;][et_pb_column type=&#8221;4_4&#8243; _builder_version=&#8221;4.27.4&#8243; _module_preset=&#8221;default&#8221; global_colors_info=&#8221;{}&#8221;][et_pb_text _builder_version=&#8221;4.27.6&#8243; _module_preset=&#8221;default&#8221; text_font=&#8221;Graphik regular||||||||&#8221; text_line_height=&#8221;1.4em&#8221; link_font=&#8221;||||on||||&#8221; header_3_line_height=&#8221;1.2em&#8221; text_orientation=&#8221;center&#8221; width_tablet=&#8221;&#8221; width_phone=&#8221;&#8221; width_last_edited=&#8221;on|phone&#8221; module_alignment=&#8221;center&#8221; custom_margin=&#8221;||||false|false&#8221; custom_padding=&#8221;||||false|false&#8221; text_orientation_tablet=&#8221;&#8221; text_orientation_phone=&#8221;left&#8221; text_orientation_last_edited=&#8221;on|phone&#8221; inline_fonts=&#8221;Graphik regular,Graphik Bold&#8221; global_colors_info=&#8221;{}&#8221;]<\/p>\n<p>&nbsp;<\/p>\n<p>Hace unos d\u00edas, llevamos esta colaboraci\u00f3n un paso m\u00e1s all\u00e1 con un evento muy especial en nuestra tienda <a href=\"https:\/\/pilma.com\/ca\/botigues\/botiga-diagonal-403-pilma\/\">insignia de la avenida Diagonal de Barcelona<\/a>, donde tuvimos una conversaci\u00f3n distendida y abierta con parte del reparto de la obra \u2014Eduard Farelo, J\u00falia Molins, Marta Bayarri y Biel Duran\u2014.<\/p>\n<p>[\/et_pb_text][\/et_pb_column][\/et_pb_row][et_pb_row admin_label=&#8221;Baile&#8221; _builder_version=&#8221;4.27.6&#8243; _module_preset=&#8221;default&#8221; width=&#8221;100%&#8221; width_tablet=&#8221;&#8221; width_phone=&#8221;90%&#8221; width_last_edited=&#8221;on|phone&#8221; max_width=&#8221;100%&#8221; custom_margin=&#8221;100px||0px||false|false&#8221; custom_margin_tablet=&#8221;100px||0px||false|false&#8221; custom_margin_phone=&#8221;20px||||false|false&#8221; custom_margin_last_edited=&#8221;on|phone&#8221; custom_padding=&#8221;0px||0px||false|false&#8221; locked=&#8221;off&#8221; global_colors_info=&#8221;{}&#8221;][et_pb_column type=&#8221;4_4&#8243; _builder_version=&#8221;4.27.2&#8243; _module_preset=&#8221;default&#8221; global_colors_info=&#8221;{}&#8221;][dsm_image_carousel gallery_ids=&#8221;106845,106846,106847,106848,106849,106850&#8243; slide_to_show=&#8221;3&#8243; autoplay=&#8221;off&#8221; arrow_position=&#8221;inside&#8221; arrow_size=&#8221;80px&#8221; show_lightbox=&#8221;on&#8221; show_lightbox_gallery=&#8221;on&#8221; arrow_color=&#8221;#FFFFFF&#8221; dots_active_color=&#8221;#000000&#8243; arrow_size_tablet=&#8221;80px&#8221; arrow_size_phone=&#8221;30px&#8221; arrow_size_last_edited=&#8221;on|phone&#8221; _builder_version=&#8221;4.27.6&#8243; _module_preset=&#8221;default&#8221; width=&#8221;100%&#8221; custom_margin=&#8221;||0px||false|false&#8221; custom_padding=&#8221;||0px||false|false&#8221; border_style_all_arrow=&#8221;groove&#8221; global_colors_info=&#8221;{}&#8221;][\/dsm_image_carousel][\/et_pb_column][\/et_pb_row][et_pb_row admin_label=&#8221;INTRO&#8221; _builder_version=&#8221;4.27.6&#8243; _module_preset=&#8221;default&#8221; width=&#8221;30%&#8221; width_tablet=&#8221;88%&#8221; width_phone=&#8221;90%&#8221; width_last_edited=&#8221;on|phone&#8221; module_alignment=&#8221;center&#8221; custom_margin=&#8221;60px||||false|false&#8221; custom_padding=&#8221;0px||||false|false&#8221; locked=&#8221;off&#8221; global_colors_info=&#8221;{}&#8221;][et_pb_column type=&#8221;4_4&#8243; _builder_version=&#8221;4.27.4&#8243; _module_preset=&#8221;default&#8221; global_colors_info=&#8221;{}&#8221;][et_pb_text _builder_version=&#8221;4.27.6&#8243; _module_preset=&#8221;default&#8221; text_font=&#8221;Graphik regular||||||||&#8221; text_line_height=&#8221;1.4em&#8221; link_font=&#8221;||||on||||&#8221; header_3_line_height=&#8221;1.2em&#8221; text_orientation=&#8221;center&#8221; width_tablet=&#8221;&#8221; width_phone=&#8221;&#8221; width_last_edited=&#8221;on|phone&#8221; module_alignment=&#8221;center&#8221; custom_margin=&#8221;||||false|false&#8221; custom_padding=&#8221;||||false|false&#8221; text_orientation_tablet=&#8221;&#8221; text_orientation_phone=&#8221;left&#8221; text_orientation_last_edited=&#8221;on|phone&#8221; inline_fonts=&#8221;Graphik regular,Graphik Bold&#8221; global_colors_info=&#8221;{}&#8221;]<\/p>\n<p>&nbsp;<\/p>\n<p><\/p>\n<p>Parlant de l\u2019obra, vam descobrir qu\u00e8 la fa connectar tant i tan b\u00e9 amb el p\u00fablic: una hist\u00f2ria coral, plena de ritme, que parla de la intimitat i dels secrets, i que encara que ha estat adaptada moltes vegades, sempre es mant\u00e9 viva en cada adaptaci\u00f3. Conversant amb els actors, la conversa va virar cap a un altre terreny: com els actors viuen els espais que habiten explicant-nos secrets de com entenen les seves llars i els objectes amb els quals conviuen.<\/p>\n<p>[\/et_pb_text][\/et_pb_column][\/et_pb_row][et_pb_row column_structure=&#8221;1_3,2_3&#8243; use_custom_gutter=&#8221;on&#8221; gutter_width=&#8221;1&#8243; make_equal=&#8221;on&#8221; custom_padding_last_edited=&#8221;on|desktop&#8221; admin_label=&#8221;TRAVEL &#8211; Serrano&#8221; _builder_version=&#8221;4.27.6&#8243; _module_preset=&#8221;default&#8221; width=&#8221;40%&#8221; width_tablet=&#8221;93%&#8221; width_phone=&#8221;90%&#8221; width_last_edited=&#8221;on|phone&#8221; custom_margin=&#8221;30px||||false|false&#8221; custom_margin_tablet=&#8221;30px||||false|false&#8221; custom_margin_phone=&#8221;0px||||false|false&#8221; custom_margin_last_edited=&#8221;on|phone&#8221; custom_padding=&#8221;30px|0px|0px|0px|false|false&#8221; custom_padding_tablet=&#8221;30px|0px|0px|0px|false|false&#8221; custom_padding_phone=&#8221;30px|0px|0px|0px|false|false&#8221; locked=&#8221;off&#8221; global_colors_info=&#8221;{}&#8221;][et_pb_column type=&#8221;1_3&#8243; _builder_version=&#8221;4.27.6&#8243; _module_preset=&#8221;default&#8221; global_colors_info=&#8221;{}&#8221;][et_pb_image src=&#8221;https:\/\/pilma.com\/wp-content\/uploads\/2026\/04\/Biel-Duran-800-800.jpg&#8221; title_text=&#8221;Biel-Duran-800-800&#8243; _builder_version=&#8221;4.27.6&#8243; _module_preset=&#8221;default&#8221; global_colors_info=&#8221;{}&#8221;][\/et_pb_image][\/et_pb_column][et_pb_column type=&#8221;2_3&#8243; _builder_version=&#8221;4.27.6&#8243; _module_preset=&#8221;default&#8221; background_enable_color=&#8221;off&#8221; custom_css_main_element=&#8221;align-content:center&#8221; global_colors_info=&#8221;{}&#8221;][et_pb_text module_id=&#8221;tiendas-pilma-barcelona&#8221; _builder_version=&#8221;4.27.6&#8243; _module_preset=&#8221;default&#8221; text_font=&#8221;Graphik regular||||||||&#8221; text_text_color=&#8221;#000000&#8243; link_font=&#8221;||||on|||#000000|&#8221; link_text_color=&#8221;#000000&#8243; link_line_height=&#8221;1.7em&#8221; header_text_color=&#8221;#FFFFFF&#8221; background_layout=&#8221;dark&#8221; custom_margin=&#8221;30px|30px|30px|30px|false|false&#8221; custom_padding=&#8221;30px||30px||false|false&#8221; border_color_top=&#8221;#000000&#8243; border_color_bottom=&#8221;#000000&#8243; inline_fonts=&#8221;Graphik Bold&#8221; global_colors_info=&#8221;{}&#8221;]<\/p>\n<p><span style=\"font-size: 20px;\">\u201cCasa meva \u00e9s la finestra, el balc\u00f3 i tot l\u2019espai que he constru\u00eft al seu voltant.\u201d<br \/><strong><br \/>Biel Duran<\/strong><\/span><\/p>\n<p>[\/et_pb_text][\/et_pb_column][\/et_pb_row][et_pb_row column_structure=&#8221;2_3,1_3&#8243; use_custom_gutter=&#8221;on&#8221; gutter_width=&#8221;1&#8243; make_equal=&#8221;on&#8221; custom_padding_last_edited=&#8221;on|desktop&#8221; admin_label=&#8221;TRAVEL &#8211; Marbella&#8221; _builder_version=&#8221;4.27.6&#8243; _module_preset=&#8221;default&#8221; width=&#8221;40%&#8221; width_tablet=&#8221;93%&#8221; width_phone=&#8221;90%&#8221; width_last_edited=&#8221;on|phone&#8221; custom_margin=&#8221;30px||||false|false&#8221; custom_margin_tablet=&#8221;30px||||false|false&#8221; custom_margin_phone=&#8221;0px||||false|false&#8221; custom_margin_last_edited=&#8221;on|phone&#8221; custom_padding=&#8221;30px|0px|0px|0px|false|false&#8221; custom_padding_tablet=&#8221;30px|0px|0px|0px|false|false&#8221; custom_padding_phone=&#8221;30px|0px|0px|0px|false|false&#8221; locked=&#8221;off&#8221; global_colors_info=&#8221;{}&#8221; custom_css_main_element_last_edited=&#8221;on|tablet&#8221; custom_css_main_element_phone=&#8221;display:flex;||flex-direction:column;&#8221; custom_css_main_element_tablet=&#8221;display:flex;||flex-direction:column;&#8221;][et_pb_column type=&#8221;2_3&#8243; _builder_version=&#8221;4.27.6&#8243; _module_preset=&#8221;default&#8221; background_enable_color=&#8221;off&#8221; custom_css_main_element=&#8221;align-content:center&#8221; global_colors_info=&#8221;{}&#8221; custom_css_main_element_last_edited=&#8221;on|tablet&#8221; custom_css_main_element_phone=&#8221;align-content:center;||order:2&#8243; custom_css_main_element_tablet=&#8221;align-content:center;||order:2&#8243;][et_pb_text module_id=&#8221;tiendas-pilma-barcelona&#8221; _builder_version=&#8221;4.27.6&#8243; _module_preset=&#8221;default&#8221; text_font=&#8221;Graphik regular||||||||&#8221; text_text_color=&#8221;#000000&#8243; text_font_size=&#8221;20px&#8221; link_font=&#8221;||||on|||#000000|&#8221; link_text_color=&#8221;#000000&#8243; link_line_height=&#8221;1.7em&#8221; header_text_color=&#8221;#FFFFFF&#8221; background_layout=&#8221;dark&#8221; custom_margin=&#8221;30px|30px|30px|30px|false|false&#8221; custom_padding=&#8221;30px||30px||false|false&#8221; border_color_top=&#8221;#000000&#8243; border_color_bottom=&#8221;#000000&#8243; inline_fonts=&#8221;Graphik Bold&#8221; global_colors_info=&#8221;{}&#8221;]<\/p>\n<p>&#8220;La meva tauleta de nit resumeix la meva vida quan soc a casa: hi tinc el llibre que m\u2019estic llegint, l&#8217;iPad per veure s\u00e8ries, el m\u00f2bil i el carregador&#8230;\u201d\u201d<\/p>\n<p><\/p>\n<p><strong>J\u00falia Molins<\/strong><\/p>\n<p>[\/et_pb_text][\/et_pb_column][et_pb_column type=&#8221;1_3&#8243; _builder_version=&#8221;4.27.4&#8243; _module_preset=&#8221;default&#8221; global_colors_info=&#8221;{}&#8221; custom_css_main_element_last_edited=&#8221;on|tablet&#8221; custom_css_main_element_phone=&#8221;order:1&#8243; custom_css_main_element_tablet=&#8221;order:1&#8243;][et_pb_image src=&#8221;https:\/\/pilma.com\/wp-content\/uploads\/2026\/04\/julia-molins_800-800.jpg&#8221; title_text=&#8221;julia-molins_800-800&#8243; _builder_version=&#8221;4.27.6&#8243; _module_preset=&#8221;default&#8221; global_colors_info=&#8221;{}&#8221;][\/et_pb_image][\/et_pb_column][\/et_pb_row][et_pb_row column_structure=&#8221;1_3,2_3&#8243; use_custom_gutter=&#8221;on&#8221; gutter_width=&#8221;1&#8243; make_equal=&#8221;on&#8221; custom_padding_last_edited=&#8221;on|desktop&#8221; admin_label=&#8221;TRAVEL &#8211; Serrano&#8221; _builder_version=&#8221;4.27.6&#8243; _module_preset=&#8221;default&#8221; width=&#8221;40%&#8221; width_tablet=&#8221;93%&#8221; width_phone=&#8221;90%&#8221; width_last_edited=&#8221;on|phone&#8221; custom_margin=&#8221;30px||||false|false&#8221; custom_margin_tablet=&#8221;30px||||false|false&#8221; custom_margin_phone=&#8221;0px||||false|false&#8221; custom_margin_last_edited=&#8221;on|phone&#8221; custom_padding=&#8221;30px|0px|0px|0px|false|false&#8221; custom_padding_tablet=&#8221;30px|0px|0px|0px|false|false&#8221; custom_padding_phone=&#8221;30px|0px|0px|0px|false|false&#8221; locked=&#8221;off&#8221; global_colors_info=&#8221;{}&#8221;][et_pb_column type=&#8221;1_3&#8243; _builder_version=&#8221;4.27.6&#8243; _module_preset=&#8221;default&#8221; global_colors_info=&#8221;{}&#8221;][et_pb_image src=&#8221;https:\/\/pilma.com\/wp-content\/uploads\/2026\/04\/Eduard-Farelo-800-800.jpg&#8221; title_text=&#8221;Eduard-Farelo-800-800&#8243; _builder_version=&#8221;4.27.6&#8243; _module_preset=&#8221;default&#8221; global_colors_info=&#8221;{}&#8221;][\/et_pb_image][\/et_pb_column][et_pb_column type=&#8221;2_3&#8243; _builder_version=&#8221;4.27.6&#8243; _module_preset=&#8221;default&#8221; background_enable_color=&#8221;off&#8221; custom_css_main_element=&#8221;align-content:center&#8221; global_colors_info=&#8221;{}&#8221;][et_pb_text module_id=&#8221;tiendas-pilma-barcelona&#8221; _builder_version=&#8221;4.27.6&#8243; _module_preset=&#8221;default&#8221; text_font=&#8221;Graphik regular||||||||&#8221; text_text_color=&#8221;#000000&#8243; link_font=&#8221;||||on|||#000000|&#8221; link_text_color=&#8221;#000000&#8243; link_line_height=&#8221;1.7em&#8221; header_text_color=&#8221;#FFFFFF&#8221; background_layout=&#8221;dark&#8221; custom_margin=&#8221;30px|30px|30px|30px|false|false&#8221; custom_padding=&#8221;30px||30px||false|false&#8221; border_color_top=&#8221;#000000&#8243; border_color_bottom=&#8221;#000000&#8243; inline_fonts=&#8221;Graphik Bold&#8221; global_colors_info=&#8221;{}&#8221;]<\/p>\n<p><span style=\"font-size: 20px;\">\u201cDe tot el que tinc a casa, el que m\u00e9s parla de mi s\u00f3n els meus llibres. En tinc molts, molt\u00edssims.\u201d<br \/><strong><br \/>Eduard Farelo<\/strong><\/span><\/p>\n<p>[\/et_pb_text][\/et_pb_column][\/et_pb_row][et_pb_row column_structure=&#8221;2_3,1_3&#8243; use_custom_gutter=&#8221;on&#8221; gutter_width=&#8221;1&#8243; make_equal=&#8221;on&#8221; custom_padding_last_edited=&#8221;on|desktop&#8221; admin_label=&#8221;TRAVEL &#8211; Marbella&#8221; _builder_version=&#8221;4.27.6&#8243; _module_preset=&#8221;default&#8221; width=&#8221;40%&#8221; width_tablet=&#8221;93%&#8221; width_phone=&#8221;90%&#8221; width_last_edited=&#8221;on|phone&#8221; custom_margin=&#8221;30px||||false|false&#8221; custom_margin_tablet=&#8221;30px||||false|false&#8221; custom_margin_phone=&#8221;0px||||false|false&#8221; custom_margin_last_edited=&#8221;on|phone&#8221; custom_padding=&#8221;30px|0px|0px|0px|false|false&#8221; custom_padding_tablet=&#8221;30px|0px|0px|0px|false|false&#8221; custom_padding_phone=&#8221;30px|0px|0px|0px|false|false&#8221; locked=&#8221;off&#8221; global_colors_info=&#8221;{}&#8221; custom_css_main_element_last_edited=&#8221;on|tablet&#8221; custom_css_main_element_phone=&#8221;display:flex;||flex-direction:column;&#8221; custom_css_main_element_tablet=&#8221;display:flex;||flex-direction:column;&#8221;][et_pb_column type=&#8221;2_3&#8243; _builder_version=&#8221;4.27.6&#8243; _module_preset=&#8221;default&#8221; background_enable_color=&#8221;off&#8221; custom_css_main_element=&#8221;align-content:center&#8221; global_colors_info=&#8221;{}&#8221; custom_css_main_element_last_edited=&#8221;on|tablet&#8221; custom_css_main_element_phone=&#8221;align-content:center;||order:2&#8243; custom_css_main_element_tablet=&#8221;align-content:center;||order:2&#8243;][et_pb_text module_id=&#8221;tiendas-pilma-barcelona&#8221; _builder_version=&#8221;4.27.6&#8243; _module_preset=&#8221;default&#8221; text_font=&#8221;Graphik regular||||||||&#8221; text_text_color=&#8221;#000000&#8243; text_font_size=&#8221;20px&#8221; link_font=&#8221;||||on|||#000000|&#8221; link_text_color=&#8221;#000000&#8243; link_line_height=&#8221;1.7em&#8221; header_text_color=&#8221;#FFFFFF&#8221; background_layout=&#8221;dark&#8221; custom_margin=&#8221;30px|30px|30px|30px|false|false&#8221; custom_padding=&#8221;30px||30px||false|false&#8221; border_color_top=&#8221;#000000&#8243; border_color_bottom=&#8221;#000000&#8243; inline_fonts=&#8221;Graphik Bold&#8221; global_colors_info=&#8221;{}&#8221;]<\/p>\n<p>\u201cSempre m\u2019acompanya un coix\u00ed que fa m\u00e9s de 20 anys que el tinc i per a mi \u00e9s molt especial.\u201d<\/p>\n<p><\/p>\n<p><strong>Marta Bayarri<\/strong><\/p>\n<p>[\/et_pb_text][\/et_pb_column][et_pb_column type=&#8221;1_3&#8243; _builder_version=&#8221;4.27.4&#8243; _module_preset=&#8221;default&#8221; global_colors_info=&#8221;{}&#8221; custom_css_main_element_last_edited=&#8221;on|tablet&#8221; custom_css_main_element_phone=&#8221;order:1&#8243; custom_css_main_element_tablet=&#8221;order:1&#8243;][et_pb_image src=&#8221;https:\/\/pilma.com\/wp-content\/uploads\/2026\/04\/Marta-Bayarri800-800.jpg&#8221; title_text=&#8221;Marta-Bayarri800-800&#8243; _builder_version=&#8221;4.27.6&#8243; _module_preset=&#8221;default&#8221; global_colors_info=&#8221;{}&#8221;][\/et_pb_image][\/et_pb_column][\/et_pb_row][et_pb_row admin_label=&#8221;INTRO&#8221; _builder_version=&#8221;4.27.6&#8243; _module_preset=&#8221;default&#8221; width=&#8221;40%&#8221; width_tablet=&#8221;88%&#8221; width_phone=&#8221;90%&#8221; width_last_edited=&#8221;on|phone&#8221; module_alignment=&#8221;center&#8221; custom_margin=&#8221;100px||||false|false&#8221; custom_margin_tablet=&#8221;100px||||false|false&#8221; custom_margin_phone=&#8221;0px||50px||false|false&#8221; custom_margin_last_edited=&#8221;on|phone&#8221; custom_padding=&#8221;0px||||false|false&#8221; locked=&#8221;off&#8221; global_colors_info=&#8221;{}&#8221;][et_pb_column type=&#8221;4_4&#8243; _builder_version=&#8221;4.27.4&#8243; _module_preset=&#8221;default&#8221; global_colors_info=&#8221;{}&#8221;][et_pb_text _builder_version=&#8221;4.27.6&#8243; _module_preset=&#8221;default&#8221; text_font=&#8221;Graphik regular||||||||&#8221; text_line_height=&#8221;1.4em&#8221; text_orientation=&#8221;center&#8221; module_alignment=&#8221;center&#8221; custom_margin=&#8221;0px||0px||false|false&#8221; custom_padding=&#8221;0px||0px||false|false&#8221; text_font_size_tablet=&#8221;24px&#8221; text_font_size_phone=&#8221;16px&#8221; text_font_size_last_edited=&#8221;on|phone&#8221; inline_fonts=&#8221;Graphik regular,Graphik Bold&#8221; global_colors_info=&#8221;{}&#8221;]<\/p>\n<p style=\"text-align: center;\">Tot aquest esdeveniment el vam amenitzar amb un vermut, gentilesa de la marca de Reus Yzaguirre.<\/p>\n<p>[\/et_pb_text][\/et_pb_column][\/et_pb_row][et_pb_row column_structure=&#8221;1_2,1_2&#8243; _builder_version=&#8221;4.27.6&#8243; _module_preset=&#8221;default&#8221; width=&#8221;50%&#8221; width_tablet=&#8221;50%&#8221; width_phone=&#8221;100%&#8221; width_last_edited=&#8221;on|phone&#8221; custom_margin=&#8221;50px||||false|false&#8221; custom_margin_tablet=&#8221;-20px||||false|false&#8221; custom_margin_phone=&#8221;-20px||||false|false&#8221; custom_margin_last_edited=&#8221;on|tablet&#8221; custom_padding=&#8221;0px||0px||false|false&#8221; locked=&#8221;off&#8221; global_colors_info=&#8221;{}&#8221;][et_pb_column type=&#8221;1_2&#8243; _builder_version=&#8221;4.27.3&#8243; _module_preset=&#8221;default&#8221; global_colors_info=&#8221;{}&#8221;][et_pb_image src=&#8221;https:\/\/pilma.com\/wp-content\/uploads\/2026\/04\/Pilma-Perfectes-desconegut-05.jpg&#8221; title_text=&#8221;Pilma-Perfectes-desconegut-05&#8243; show_bottom_space=&#8221;off&#8221; align=&#8221;right&#8221; _builder_version=&#8221;4.27.6&#8243; _module_preset=&#8221;default&#8221; width=&#8221;60%&#8221; width_tablet=&#8221;93%&#8221; width_phone=&#8221;90%&#8221; width_last_edited=&#8221;on|phone&#8221; module_alignment=&#8221;center&#8221; custom_margin=&#8221;80px|||40px|false|false&#8221; custom_margin_tablet=&#8221;0px|||40px|false|false&#8221; custom_margin_phone=&#8221;0px|||0px|false|false&#8221; custom_margin_last_edited=&#8221;on|phone&#8221; global_colors_info=&#8221;{}&#8221;][\/et_pb_image][\/et_pb_column][et_pb_column type=&#8221;1_2&#8243; _builder_version=&#8221;4.27.4&#8243; _module_preset=&#8221;default&#8221; custom_padding=&#8221;|70px|||false|false&#8221; custom_padding_tablet=&#8221;|0px|||false|false&#8221; custom_padding_phone=&#8221;|0px|||false|false&#8221; custom_padding_last_edited=&#8221;on|tablet&#8221; global_colors_info=&#8221;{}&#8221;][et_pb_image src=&#8221;https:\/\/pilma.com\/wp-content\/uploads\/2026\/04\/Pilma-Perfectes-desconegut-10.jpg&#8221; title_text=&#8221;Pilma-Perfectes-desconegut-10&#8243; show_bottom_space=&#8221;off&#8221; _builder_version=&#8221;4.27.6&#8243; _module_preset=&#8221;default&#8221; width=&#8221;100%&#8221; width_tablet=&#8221;93%&#8221; width_phone=&#8221;90%&#8221; width_last_edited=&#8221;on|desktop&#8221; module_alignment=&#8221;center&#8221; custom_margin=&#8221;|50px|||false|false&#8221; custom_margin_tablet=&#8221;-5px|0px|||false|false&#8221; custom_margin_phone=&#8221;20px|0px|||false|false&#8221; custom_margin_last_edited=&#8221;on|tablet&#8221; module_alignment_last_edited=&#8221;off|phone&#8221; global_colors_info=&#8221;{}&#8221;][\/et_pb_image][\/et_pb_column][\/et_pb_row][et_pb_row admin_label=&#8221;Fotos&#8221; _builder_version=&#8221;4.27.6&#8243; _module_preset=&#8221;default&#8221; width=&#8221;50%&#8221; width_tablet=&#8221;93%&#8221; width_phone=&#8221;100%&#8221; width_last_edited=&#8221;on|phone&#8221; module_alignment=&#8221;center&#8221; custom_margin=&#8221;0px||0px||false|false&#8221; custom_margin_tablet=&#8221;20px||||false|false&#8221; custom_margin_phone=&#8221;0px||0px||false|false&#8221; custom_margin_last_edited=&#8221;on|phone&#8221; custom_padding=&#8221;0px||0px||false|false&#8221; locked=&#8221;off&#8221; global_colors_info=&#8221;{}&#8221;][et_pb_column type=&#8221;4_4&#8243; _builder_version=&#8221;4.27.3&#8243; _module_preset=&#8221;default&#8221; global_colors_info=&#8221;{}&#8221;][et_pb_text _builder_version=&#8221;4.27.6&#8243; _module_preset=&#8221;default&#8221; text_font=&#8221;Graphik Bold||||||||&#8221; text_font_size=&#8221;24px&#8221; text_line_height=&#8221;1.4em&#8221; text_orientation=&#8221;center&#8221; width=&#8221;80%&#8221; width_tablet=&#8221;80%&#8221; width_phone=&#8221;80%&#8221; width_last_edited=&#8221;on|phone&#8221; module_alignment=&#8221;center&#8221; custom_margin=&#8221;100px||0px||false|false&#8221; custom_padding=&#8221;0px||0px||false|false&#8221; text_font_size_tablet=&#8221;24px&#8221; text_font_size_phone=&#8221;20px&#8221; text_font_size_last_edited=&#8221;on|phone&#8221; inline_fonts=&#8221;Graphik regular,Graphik Bold&#8221; global_colors_info=&#8221;{}&#8221;]<\/p>\n<p>Una d\u2019aquelles col\u00b7laboracions que funcionen perqu\u00e8 connecten mons que, en realitat, no estan tan lluny.<\/p>\n<p>[\/et_pb_text][et_pb_image src=&#8221;https:\/\/pilma.com\/wp-content\/uploads\/2026\/04\/Pilma-Perfectes-desconegut-04-1.jpg&#8221; title_text=&#8221;Pilma-Perfectes-desconegut-04&#8243; url_new_window=&#8221;on&#8221; show_bottom_space=&#8221;off&#8221; _builder_version=&#8221;4.27.6&#8243; _module_preset=&#8221;default&#8221; width=&#8221;100%&#8221; width_tablet=&#8221;100%&#8221; width_phone=&#8221;100%&#8221; width_last_edited=&#8221;on|phone&#8221; module_alignment=&#8221;center&#8221; custom_margin=&#8221;100px||100px||false|false&#8221; custom_padding=&#8221;0px||||false|false&#8221; global_colors_info=&#8221;{}&#8221;][\/et_pb_image][\/et_pb_column][\/et_pb_row][\/et_pb_section][et_pb_section fb_built=&#8221;1&#8243; admin_label=&#8221;CARROUSEL ENTRADAS &#8211; EDITORIAL &#8221; _builder_version=&#8221;4.27.6&#8243; _module_preset=&#8221;default&#8221; locked=&#8221;off&#8221; global_colors_info=&#8221;{}&#8221;][et_pb_row admin_label=&#8221;EDITORIAL I Otras entradas&#8221; _builder_version=&#8221;4.27.6&#8243; _module_preset=&#8221;default&#8221; width=&#8221;100%&#8221; width_tablet=&#8221;88%&#8221; width_phone=&#8221;90%&#8221; width_last_edited=&#8221;on|phone&#8221; max_width=&#8221;1600px&#8221; module_alignment=&#8221;center&#8221; custom_margin=&#8221;50px||50px||false|false&#8221; custom_margin_tablet=&#8221;50px||50px||false|false&#8221; custom_margin_phone=&#8221;0px||50px||false|false&#8221; custom_margin_last_edited=&#8221;on|phone&#8221; custom_padding=&#8221;0px||||false|false&#8221; locked=&#8221;off&#8221; global_colors_info=&#8221;{}&#8221;][et_pb_column type=&#8221;4_4&#8243; _builder_version=&#8221;4.27.4&#8243; _module_preset=&#8221;default&#8221; global_colors_info=&#8221;{}&#8221;][dsm_blog_carousel include_categories=&#8221;all&#8221; use_date=&#8221;off&#8221; use_author=&#8221;off&#8221; columns=&#8221;4&#8243; autoplay=&#8221;off&#8221; content_wrapper=&#8221;20px|20px||0px|false|false&#8221; columns_tablet=&#8221;2&#8243; columns_phone=&#8221;1&#8243; columns_last_edited=&#8221;on|phone&#8221; use_navi_tablet=&#8221;&#8221; use_navi_phone=&#8221;off&#8221; use_navi_last_edited=&#8221;on|phone&#8221; _builder_version=&#8221;4.27.5&#8243; _module_preset=&#8221;default&#8221; title_font=&#8221;Graphik Bold||||||||&#8221; title_line_height=&#8221;1.2em&#8221; body_font_size=&#8221;14px&#8221; body_line_height=&#8221;1.4em&#8221; custom_margin=&#8221;||0px||false|false&#8221; global_colors_info=&#8221;{}&#8221;][\/dsm_blog_carousel][\/et_pb_column][\/et_pb_row][\/et_pb_section]<\/p>\n","protected":false},"excerpt":{"rendered":"<p>Col\u00b7laborem amb l\u2019obra \u201cPerfectes Desconeguts\u201d mitjan\u00e7ant la cessi\u00f3 de mobles, cadires i l\u00e0mpades, creant un menjador on es desenvolupa aquesta hist\u00f2ria plena de trobades, secrets i emocions.<\/p>\n","protected":false},"author":24045,"featured_media":106877,"comment_status":"closed","ping_status":"closed","sticky":false,"template":"","format":"standard","meta":{"_acf_changed":false,"_et_pb_use_builder":"on","_et_pb_old_content":"","_et_gb_content_width":"","footnotes":""},"categories":[2842],"tags":[],"class_list":["post-106853","post","type-post","status-publish","format-standard","has-post-thumbnail","hentry","category-pilma-ca"],"acf":[],"yoast_head":"<!-- This site is optimized with the Yoast SEO plugin v27.4 - https:\/\/yoast.com\/product\/yoast-seo-wordpress\/ -->\n<title>Un mat\u00ed amb els actors de l&#039;obra de &quot;Perfectes Desconeguts&quot; - Pilma - Mobles de disseny i decoraci\u00f3 d&#039;interiors<\/title>\n<meta name=\"description\" content=\"Col\u00b7laborem amb l\u2019obra \u201cPerfectes Desconeguts\u201d mitjan\u00e7ant la cessi\u00f3 de mobles, cadires i l\u00e0mpades, creant un menjador on es desenvolupa aquesta hist\u00f2ria plena de trobades, secrets i emocions.\" \/>\n<meta name=\"robots\" content=\"index, follow, max-snippet:-1, max-image-preview:large, max-video-preview:-1\" \/>\n<link rel=\"canonical\" href=\"https:\/\/pilma.com\/ca\/un-mati-amb-els-actors-de-lobra-de-perfectes-desconeguts\/\" \/>\n<meta property=\"og:locale\" content=\"ca_ES\" \/>\n<meta property=\"og:type\" content=\"article\" \/>\n<meta property=\"og:title\" content=\"Un mat\u00ed amb els actors de l&#039;obra de &quot;Perfectes Desconeguts&quot; - Pilma - Mobles de disseny i decoraci\u00f3 d&#039;interiors\" \/>\n<meta property=\"og:description\" content=\"Col\u00b7laborem amb l\u2019obra \u201cPerfectes Desconeguts\u201d mitjan\u00e7ant la cessi\u00f3 de mobles, cadires i l\u00e0mpades, creant un menjador on es desenvolupa aquesta hist\u00f2ria plena de trobades, secrets i emocions.\" \/>\n<meta property=\"og:url\" content=\"https:\/\/pilma.com\/ca\/un-mati-amb-els-actors-de-lobra-de-perfectes-desconeguts\/\" \/>\n<meta property=\"og:site_name\" content=\"Pilma - Mobles de disseny i decoraci\u00f3 d&#039;interiors\" \/>\n<meta property=\"article:publisher\" content=\"https:\/\/www.facebook.com\/Pilma.es\/\" \/>\n<meta property=\"article:published_time\" content=\"2026-04-30T10:09:41+00:00\" \/>\n<meta property=\"article:modified_time\" content=\"2026-04-30T11:00:32+00:00\" \/>\n<meta property=\"og:image\" content=\"https:\/\/pilma.com\/wp-content\/uploads\/2026\/04\/Col\u00b7laboracio-Perfectes-Desconeguts-Pilma_1920x1375.jpg\" \/>\n\t<meta property=\"og:image:width\" content=\"1920\" \/>\n\t<meta property=\"og:image:height\" content=\"1374\" \/>\n\t<meta property=\"og:image:type\" content=\"image\/jpeg\" \/>\n<meta name=\"author\" content=\"PILMA\" \/>\n<meta name=\"twitter:card\" content=\"summary_large_image\" \/>\n<meta name=\"twitter:creator\" content=\"@pilma_es\" \/>\n<meta name=\"twitter:site\" content=\"@pilma_es\" \/>\n<meta name=\"twitter:label1\" content=\"Escrit per\" \/>\n\t<meta name=\"twitter:data1\" content=\"PILMA\" \/>\n\t<meta name=\"twitter:label2\" content=\"Temps estimat de lectura\" \/>\n\t<meta name=\"twitter:data2\" content=\"9 minuts\" \/>\n<script type=\"application\/ld+json\" class=\"yoast-schema-graph\">{\"@context\":\"https:\\\/\\\/schema.org\",\"@graph\":[{\"@type\":\"Article\",\"@id\":\"https:\\\/\\\/pilma.com\\\/ca\\\/un-mati-amb-els-actors-de-lobra-de-perfectes-desconeguts\\\/#article\",\"isPartOf\":{\"@id\":\"https:\\\/\\\/pilma.com\\\/ca\\\/un-mati-amb-els-actors-de-lobra-de-perfectes-desconeguts\\\/\"},\"author\":{\"name\":\"PILMA\",\"@id\":\"https:\\\/\\\/pilma.com\\\/ca\\\/#\\\/schema\\\/person\\\/12af795f36504663166d3600bf04b0d9\"},\"headline\":\"Un mat\u00ed amb els actors de l&#8217;obra de &#8220;Perfectes Desconeguts&#8221;\",\"datePublished\":\"2026-04-30T10:09:41+00:00\",\"dateModified\":\"2026-04-30T11:00:32+00:00\",\"mainEntityOfPage\":{\"@id\":\"https:\\\/\\\/pilma.com\\\/ca\\\/un-mati-amb-els-actors-de-lobra-de-perfectes-desconeguts\\\/\"},\"wordCount\":3417,\"publisher\":{\"@id\":\"https:\\\/\\\/pilma.com\\\/ca\\\/#organization\"},\"image\":{\"@id\":\"https:\\\/\\\/pilma.com\\\/ca\\\/un-mati-amb-els-actors-de-lobra-de-perfectes-desconeguts\\\/#primaryimage\"},\"thumbnailUrl\":\"https:\\\/\\\/pilma.com\\\/wp-content\\\/uploads\\\/2026\\\/04\\\/Col\u00b7laboracio-Perfectes-Desconeguts-Pilma_1920x1375.jpg\",\"articleSection\":[\"Pilma\"],\"inLanguage\":\"ca\"},{\"@type\":\"WebPage\",\"@id\":\"https:\\\/\\\/pilma.com\\\/ca\\\/un-mati-amb-els-actors-de-lobra-de-perfectes-desconeguts\\\/\",\"url\":\"https:\\\/\\\/pilma.com\\\/ca\\\/un-mati-amb-els-actors-de-lobra-de-perfectes-desconeguts\\\/\",\"name\":\"Un mat\u00ed amb els actors de l'obra de \\\"Perfectes Desconeguts\\\" - Pilma - Mobles de disseny i decoraci\u00f3 d'interiors\",\"isPartOf\":{\"@id\":\"https:\\\/\\\/pilma.com\\\/ca\\\/#website\"},\"primaryImageOfPage\":{\"@id\":\"https:\\\/\\\/pilma.com\\\/ca\\\/un-mati-amb-els-actors-de-lobra-de-perfectes-desconeguts\\\/#primaryimage\"},\"image\":{\"@id\":\"https:\\\/\\\/pilma.com\\\/ca\\\/un-mati-amb-els-actors-de-lobra-de-perfectes-desconeguts\\\/#primaryimage\"},\"thumbnailUrl\":\"https:\\\/\\\/pilma.com\\\/wp-content\\\/uploads\\\/2026\\\/04\\\/Col\u00b7laboracio-Perfectes-Desconeguts-Pilma_1920x1375.jpg\",\"datePublished\":\"2026-04-30T10:09:41+00:00\",\"dateModified\":\"2026-04-30T11:00:32+00:00\",\"description\":\"Col\u00b7laborem amb l\u2019obra \u201cPerfectes Desconeguts\u201d mitjan\u00e7ant la cessi\u00f3 de mobles, cadires i l\u00e0mpades, creant un menjador on es desenvolupa aquesta hist\u00f2ria plena de trobades, secrets i emocions.\",\"breadcrumb\":{\"@id\":\"https:\\\/\\\/pilma.com\\\/ca\\\/un-mati-amb-els-actors-de-lobra-de-perfectes-desconeguts\\\/#breadcrumb\"},\"inLanguage\":\"ca\",\"potentialAction\":[{\"@type\":\"ReadAction\",\"target\":[\"https:\\\/\\\/pilma.com\\\/ca\\\/un-mati-amb-els-actors-de-lobra-de-perfectes-desconeguts\\\/\"]}]},{\"@type\":\"ImageObject\",\"inLanguage\":\"ca\",\"@id\":\"https:\\\/\\\/pilma.com\\\/ca\\\/un-mati-amb-els-actors-de-lobra-de-perfectes-desconeguts\\\/#primaryimage\",\"url\":\"https:\\\/\\\/pilma.com\\\/wp-content\\\/uploads\\\/2026\\\/04\\\/Col\u00b7laboracio-Perfectes-Desconeguts-Pilma_1920x1375.jpg\",\"contentUrl\":\"https:\\\/\\\/pilma.com\\\/wp-content\\\/uploads\\\/2026\\\/04\\\/Col\u00b7laboracio-Perfectes-Desconeguts-Pilma_1920x1375.jpg\",\"width\":1920,\"height\":1374},{\"@type\":\"BreadcrumbList\",\"@id\":\"https:\\\/\\\/pilma.com\\\/ca\\\/un-mati-amb-els-actors-de-lobra-de-perfectes-desconeguts\\\/#breadcrumb\",\"itemListElement\":[{\"@type\":\"ListItem\",\"position\":1,\"name\":\"Home\",\"item\":\"https:\\\/\\\/pilma.com\\\/ca\\\/\"},{\"@type\":\"ListItem\",\"position\":2,\"name\":\"Un mat\u00ed amb els actors de l'obra de \\\"Perfectes Desconeguts\\\"\"}]},{\"@type\":\"WebSite\",\"@id\":\"https:\\\/\\\/pilma.com\\\/ca\\\/#website\",\"url\":\"https:\\\/\\\/pilma.com\\\/ca\\\/\",\"name\":\"Pilma - Mobles de disseny i decoraci\u00f3 d'interiors\",\"description\":\"Pilma - Mobles de disseny i decoraci\u00f3 d'interiors\",\"publisher\":{\"@id\":\"https:\\\/\\\/pilma.com\\\/ca\\\/#organization\"},\"potentialAction\":[{\"@type\":\"SearchAction\",\"target\":{\"@type\":\"EntryPoint\",\"urlTemplate\":\"https:\\\/\\\/pilma.com\\\/ca\\\/?s={search_term_string}\"},\"query-input\":{\"@type\":\"PropertyValueSpecification\",\"valueRequired\":true,\"valueName\":\"search_term_string\"}}],\"inLanguage\":\"ca\"},{\"@type\":\"Organization\",\"@id\":\"https:\\\/\\\/pilma.com\\\/ca\\\/#organization\",\"name\":\"Pilma\",\"url\":\"https:\\\/\\\/pilma.com\\\/ca\\\/\",\"logo\":{\"@type\":\"ImageObject\",\"inLanguage\":\"ca\",\"@id\":\"https:\\\/\\\/pilma.com\\\/ca\\\/#\\\/schema\\\/logo\\\/image\\\/\",\"url\":\"https:\\\/\\\/pilma.com\\\/wp-content\\\/uploads\\\/2025\\\/11\\\/Pilma-512x512-1.png\",\"contentUrl\":\"https:\\\/\\\/pilma.com\\\/wp-content\\\/uploads\\\/2025\\\/11\\\/Pilma-512x512-1.png\",\"width\":512,\"height\":512,\"caption\":\"Pilma\"},\"image\":{\"@id\":\"https:\\\/\\\/pilma.com\\\/ca\\\/#\\\/schema\\\/logo\\\/image\\\/\"},\"sameAs\":[\"https:\\\/\\\/www.facebook.com\\\/Pilma.es\\\/\",\"https:\\\/\\\/x.com\\\/pilma_es\",\"https:\\\/\\\/www.instagram.com\\\/pilma.es\\\/\",\"https:\\\/\\\/es.linkedin.com\\\/company\\\/pilma-es\\\/\",\"https:\\\/\\\/www.pinterest.es\\\/pilma_es\\\/\"]},{\"@type\":\"Person\",\"@id\":\"https:\\\/\\\/pilma.com\\\/ca\\\/#\\\/schema\\\/person\\\/12af795f36504663166d3600bf04b0d9\",\"name\":\"PILMA\"}]}<\/script>\n<!-- \/ Yoast SEO plugin. -->","yoast_head_json":{"title":"Un mat\u00ed amb els actors de l'obra de \"Perfectes Desconeguts\" - Pilma - Mobles de disseny i decoraci\u00f3 d'interiors","description":"Col\u00b7laborem amb l\u2019obra \u201cPerfectes Desconeguts\u201d mitjan\u00e7ant la cessi\u00f3 de mobles, cadires i l\u00e0mpades, creant un menjador on es desenvolupa aquesta hist\u00f2ria plena de trobades, secrets i emocions.","robots":{"index":"index","follow":"follow","max-snippet":"max-snippet:-1","max-image-preview":"max-image-preview:large","max-video-preview":"max-video-preview:-1"},"canonical":"https:\/\/pilma.com\/ca\/un-mati-amb-els-actors-de-lobra-de-perfectes-desconeguts\/","og_locale":"ca_ES","og_type":"article","og_title":"Un mat\u00ed amb els actors de l'obra de \"Perfectes Desconeguts\" - Pilma - Mobles de disseny i decoraci\u00f3 d'interiors","og_description":"Col\u00b7laborem amb l\u2019obra \u201cPerfectes Desconeguts\u201d mitjan\u00e7ant la cessi\u00f3 de mobles, cadires i l\u00e0mpades, creant un menjador on es desenvolupa aquesta hist\u00f2ria plena de trobades, secrets i emocions.","og_url":"https:\/\/pilma.com\/ca\/un-mati-amb-els-actors-de-lobra-de-perfectes-desconeguts\/","og_site_name":"Pilma - Mobles de disseny i decoraci\u00f3 d'interiors","article_publisher":"https:\/\/www.facebook.com\/Pilma.es\/","article_published_time":"2026-04-30T10:09:41+00:00","article_modified_time":"2026-04-30T11:00:32+00:00","og_image":[{"width":1920,"height":1374,"url":"https:\/\/pilma.com\/wp-content\/uploads\/2026\/04\/Col\u00b7laboracio-Perfectes-Desconeguts-Pilma_1920x1375.jpg","type":"image\/jpeg"}],"author":"PILMA","twitter_card":"summary_large_image","twitter_creator":"@pilma_es","twitter_site":"@pilma_es","twitter_misc":{"Escrit per":"PILMA","Temps estimat de lectura":"9 minuts"},"schema":{"@context":"https:\/\/schema.org","@graph":[{"@type":"Article","@id":"https:\/\/pilma.com\/ca\/un-mati-amb-els-actors-de-lobra-de-perfectes-desconeguts\/#article","isPartOf":{"@id":"https:\/\/pilma.com\/ca\/un-mati-amb-els-actors-de-lobra-de-perfectes-desconeguts\/"},"author":{"name":"PILMA","@id":"https:\/\/pilma.com\/ca\/#\/schema\/person\/12af795f36504663166d3600bf04b0d9"},"headline":"Un mat\u00ed amb els actors de l&#8217;obra de &#8220;Perfectes Desconeguts&#8221;","datePublished":"2026-04-30T10:09:41+00:00","dateModified":"2026-04-30T11:00:32+00:00","mainEntityOfPage":{"@id":"https:\/\/pilma.com\/ca\/un-mati-amb-els-actors-de-lobra-de-perfectes-desconeguts\/"},"wordCount":3417,"publisher":{"@id":"https:\/\/pilma.com\/ca\/#organization"},"image":{"@id":"https:\/\/pilma.com\/ca\/un-mati-amb-els-actors-de-lobra-de-perfectes-desconeguts\/#primaryimage"},"thumbnailUrl":"https:\/\/pilma.com\/wp-content\/uploads\/2026\/04\/Col\u00b7laboracio-Perfectes-Desconeguts-Pilma_1920x1375.jpg","articleSection":["Pilma"],"inLanguage":"ca"},{"@type":"WebPage","@id":"https:\/\/pilma.com\/ca\/un-mati-amb-els-actors-de-lobra-de-perfectes-desconeguts\/","url":"https:\/\/pilma.com\/ca\/un-mati-amb-els-actors-de-lobra-de-perfectes-desconeguts\/","name":"Un mat\u00ed amb els actors de l'obra de \"Perfectes Desconeguts\" - Pilma - Mobles de disseny i decoraci\u00f3 d'interiors","isPartOf":{"@id":"https:\/\/pilma.com\/ca\/#website"},"primaryImageOfPage":{"@id":"https:\/\/pilma.com\/ca\/un-mati-amb-els-actors-de-lobra-de-perfectes-desconeguts\/#primaryimage"},"image":{"@id":"https:\/\/pilma.com\/ca\/un-mati-amb-els-actors-de-lobra-de-perfectes-desconeguts\/#primaryimage"},"thumbnailUrl":"https:\/\/pilma.com\/wp-content\/uploads\/2026\/04\/Col\u00b7laboracio-Perfectes-Desconeguts-Pilma_1920x1375.jpg","datePublished":"2026-04-30T10:09:41+00:00","dateModified":"2026-04-30T11:00:32+00:00","description":"Col\u00b7laborem amb l\u2019obra \u201cPerfectes Desconeguts\u201d mitjan\u00e7ant la cessi\u00f3 de mobles, cadires i l\u00e0mpades, creant un menjador on es desenvolupa aquesta hist\u00f2ria plena de trobades, secrets i emocions.","breadcrumb":{"@id":"https:\/\/pilma.com\/ca\/un-mati-amb-els-actors-de-lobra-de-perfectes-desconeguts\/#breadcrumb"},"inLanguage":"ca","potentialAction":[{"@type":"ReadAction","target":["https:\/\/pilma.com\/ca\/un-mati-amb-els-actors-de-lobra-de-perfectes-desconeguts\/"]}]},{"@type":"ImageObject","inLanguage":"ca","@id":"https:\/\/pilma.com\/ca\/un-mati-amb-els-actors-de-lobra-de-perfectes-desconeguts\/#primaryimage","url":"https:\/\/pilma.com\/wp-content\/uploads\/2026\/04\/Col\u00b7laboracio-Perfectes-Desconeguts-Pilma_1920x1375.jpg","contentUrl":"https:\/\/pilma.com\/wp-content\/uploads\/2026\/04\/Col\u00b7laboracio-Perfectes-Desconeguts-Pilma_1920x1375.jpg","width":1920,"height":1374},{"@type":"BreadcrumbList","@id":"https:\/\/pilma.com\/ca\/un-mati-amb-els-actors-de-lobra-de-perfectes-desconeguts\/#breadcrumb","itemListElement":[{"@type":"ListItem","position":1,"name":"Home","item":"https:\/\/pilma.com\/ca\/"},{"@type":"ListItem","position":2,"name":"Un mat\u00ed amb els actors de l'obra de \"Perfectes Desconeguts\""}]},{"@type":"WebSite","@id":"https:\/\/pilma.com\/ca\/#website","url":"https:\/\/pilma.com\/ca\/","name":"Pilma - Mobles de disseny i decoraci\u00f3 d'interiors","description":"Pilma - Mobles de disseny i decoraci\u00f3 d'interiors","publisher":{"@id":"https:\/\/pilma.com\/ca\/#organization"},"potentialAction":[{"@type":"SearchAction","target":{"@type":"EntryPoint","urlTemplate":"https:\/\/pilma.com\/ca\/?s={search_term_string}"},"query-input":{"@type":"PropertyValueSpecification","valueRequired":true,"valueName":"search_term_string"}}],"inLanguage":"ca"},{"@type":"Organization","@id":"https:\/\/pilma.com\/ca\/#organization","name":"Pilma","url":"https:\/\/pilma.com\/ca\/","logo":{"@type":"ImageObject","inLanguage":"ca","@id":"https:\/\/pilma.com\/ca\/#\/schema\/logo\/image\/","url":"https:\/\/pilma.com\/wp-content\/uploads\/2025\/11\/Pilma-512x512-1.png","contentUrl":"https:\/\/pilma.com\/wp-content\/uploads\/2025\/11\/Pilma-512x512-1.png","width":512,"height":512,"caption":"Pilma"},"image":{"@id":"https:\/\/pilma.com\/ca\/#\/schema\/logo\/image\/"},"sameAs":["https:\/\/www.facebook.com\/Pilma.es\/","https:\/\/x.com\/pilma_es","https:\/\/www.instagram.com\/pilma.es\/","https:\/\/es.linkedin.com\/company\/pilma-es\/","https:\/\/www.pinterest.es\/pilma_es\/"]},{"@type":"Person","@id":"https:\/\/pilma.com\/ca\/#\/schema\/person\/12af795f36504663166d3600bf04b0d9","name":"PILMA"}]}},"_links":{"self":[{"href":"https:\/\/pilma.com\/ca\/wp-json\/wp\/v2\/posts\/106853","targetHints":{"allow":["GET"]}}],"collection":[{"href":"https:\/\/pilma.com\/ca\/wp-json\/wp\/v2\/posts"}],"about":[{"href":"https:\/\/pilma.com\/ca\/wp-json\/wp\/v2\/types\/post"}],"author":[{"embeddable":true,"href":"https:\/\/pilma.com\/ca\/wp-json\/wp\/v2\/users\/24045"}],"replies":[{"embeddable":true,"href":"https:\/\/pilma.com\/ca\/wp-json\/wp\/v2\/comments?post=106853"}],"version-history":[{"count":13,"href":"https:\/\/pilma.com\/ca\/wp-json\/wp\/v2\/posts\/106853\/revisions"}],"predecessor-version":[{"id":106913,"href":"https:\/\/pilma.com\/ca\/wp-json\/wp\/v2\/posts\/106853\/revisions\/106913"}],"wp:featuredmedia":[{"embeddable":true,"href":"https:\/\/pilma.com\/ca\/wp-json\/wp\/v2\/media\/106877"}],"wp:attachment":[{"href":"https:\/\/pilma.com\/ca\/wp-json\/wp\/v2\/media?parent=106853"}],"wp:term":[{"taxonomy":"category","embeddable":true,"href":"https:\/\/pilma.com\/ca\/wp-json\/wp\/v2\/categories?post=106853"},{"taxonomy":"post_tag","embeddable":true,"href":"https:\/\/pilma.com\/ca\/wp-json\/wp\/v2\/tags?post=106853"}],"curies":[{"name":"wp","href":"https:\/\/api.w.org\/{rel}","templated":true}]}}