{"id":101971,"date":"2026-02-18T09:58:01","date_gmt":"2026-02-18T08:58:01","guid":{"rendered":"https:\/\/pilma.com\/un-sofa-amb-seients-extensibles-amb-sistema-electric-i-respatller-multiposicio\/"},"modified":"2026-03-02T15:18:31","modified_gmt":"2026-03-02T14:18:31","slug":"un-sofa-amb-seients-extensibles-amb-sistema-electric-i-respatller-multiposicio","status":"publish","type":"post","link":"https:\/\/pilma.com\/ca\/un-sofa-amb-seients-extensibles-amb-sistema-electric-i-respatller-multiposicio\/","title":{"rendered":"Un sof\u00e0 amb seients extensibles amb sistema el\u00e8ctric i respatller multiposici\u00f3"},"content":{"rendered":"<p>[et_pb_section fb_built=&#8221;1&#8243; disabled_on=&#8221;off|off|off&#8221; admin_label=&#8221;SOF\u00c1 YUTE&#8221; _builder_version=&#8221;4.27.5&#8243; _module_preset=&#8221;default&#8221; background_enable_color=&#8221;off&#8221; background_enable_image=&#8221;off&#8221; background_video_mp4=&#8221;https:\/\/pilma.com\/wp-content\/uploads\/2025\/01\/Sofa-Yute-Pilma_16.9.mp4&#8243; background_video_webm=&#8221;https:\/\/pilma.com\/wp-content\/uploads\/2025\/01\/Sofa-Yute-Pilma_16.9.webm&#8221; background_video_width=&#8221;1920&#8243; background_video_height=&#8221;1080&#8243; min_height=&#8221;55vw&#8221; min_height_tablet=&#8221;100vw&#8221; min_height_phone=&#8221;160vw&#8221; min_height_last_edited=&#8221;on|phone&#8221; background_last_edited=&#8221;on|phone&#8221; background_enable_image_tablet=&#8221;off&#8221; background_enable_image_phone=&#8221;off&#8221; background_video_mp4_tablet=&#8221;https:\/\/pilma.com\/wp-content\/uploads\/2025\/01\/Sofa-Yute-Pilma_1.1.mp4&#8243; background_video_mp4_phone=&#8221;https:\/\/pilma.com\/wp-content\/uploads\/2025\/01\/Sofa-Yute-Pilma_9.16.mp4&#8243; background_enable_video_mp4_tablet=&#8221;on&#8221; background_enable_video_mp4_phone=&#8221;on&#8221; background_video_webm_tablet=&#8221;https:\/\/pilma.com\/wp-content\/uploads\/2025\/01\/Sofa-Yute-Pilma_1.1.webm&#8221; background_video_webm_phone=&#8221;https:\/\/pilma.com\/wp-content\/uploads\/2025\/01\/Sofa-Yute-Pilma_9.16.webm&#8221; background_enable_video_webm_tablet=&#8221;on&#8221; background_enable_video_webm_phone=&#8221;on&#8221; background_video_width_tablet=&#8221;1920&#8243; background_video_width_phone=&#8221;1080&#8243; background_video_height_tablet=&#8221;1920&#8243; background_video_height_phone=&#8221;1920&#8243; locked=&#8221;off&#8221; global_colors_info=&#8221;{}&#8221;][et_pb_row _builder_version=&#8221;4.27.4&#8243; _module_preset=&#8221;default&#8221; background_enable_image=&#8221;off&#8221; width=&#8221;60%&#8221; width_tablet=&#8221;100%&#8221; width_phone=&#8221;100%&#8221; width_last_edited=&#8221;on|phone&#8221; module_alignment=&#8221;center&#8221; custom_margin=&#8221;0px||40px||false|false&#8221; custom_margin_tablet=&#8221;-20px||0px||false|false&#8221; custom_margin_phone=&#8221;0px||0px||false|false&#8221; custom_margin_last_edited=&#8221;on|desktop&#8221; custom_padding=&#8221;||40px||false|false&#8221; background_last_edited=&#8221;on|phone&#8221; background_enable_image_tablet=&#8221;off&#8221; background_enable_image_phone=&#8221;off&#8221; locked=&#8221;off&#8221; global_colors_info=&#8221;{}&#8221;][et_pb_column type=&#8221;4_4&#8243; _builder_version=&#8221;4.25.1&#8243; _module_preset=&#8221;default&#8221; global_colors_info=&#8221;{}&#8221;][et_pb_text content_tablet=&#8221;<span style=%22display: block; margin-bottom: 20px;%22><span style=%22font-size: 20px;%22>SOF\u00c0 YUTE<\/span><\/span><\/p>\n<h1><span style=%22font-size: 22px; font-family: &apos;Graphik Bold&apos;, Helvetica, Arial, Lucida, sans-serif;%22>Un sof\u00e0 amb seients extensibles amb sistema el\u00e8ctric i respatller multiposici\u00f3<\/span><\/h1>\n<p>&#8221; content_phone=&#8221;<span style=%22display: block; margin-bottom: 20px;%22><span style=%22font-size: 20px;%22>SOF\u00c0 YUTE<\/span><\/span><\/p>\n<h1><span style=%22font-size: 24px; font-family: &apos;Graphik Bold&apos;, Helvetica, Arial, Lucida, sans-serif;%22>Seients extensibles amb sistema el\u00e8ctric<\/span><\/h1>\n<p>&#8221; content_last_edited=&#8221;on|desktop&#8221; admin_label=&#8221;T\u00edtulo&#8221; _builder_version=&#8221;4.27.5&#8243; _module_preset=&#8221;default&#8221; text_font=&#8221;&#8211;et_global_body_font|500|||||||&#8221; text_text_color=&#8221;#FFFFFF&#8221; text_line_height=&#8221;1.6em&#8221; header_font=&#8221;Graphik Bold||||||||&#8221; header_text_align=&#8221;center&#8221; header_text_color=&#8221;#FFFFFF&#8221; header_font_size=&#8221;24px&#8221; header_line_height=&#8221;1.2em&#8221; text_orientation=&#8221;center&#8221; background_layout=&#8221;dark&#8221; width=&#8221;50%&#8221; width_tablet=&#8221;80%&#8221; width_phone=&#8221;90%&#8221; width_last_edited=&#8221;on|phone&#8221; module_alignment=&#8221;center&#8221; custom_margin=&#8221;0px||0px||false|false&#8221; custom_margin_tablet=&#8221;||0px||false|false&#8221; custom_margin_phone=&#8221;0px||0px||false|false&#8221; custom_margin_last_edited=&#8221;on|phone&#8221; custom_padding=&#8221;||1px||false|false&#8221; text_font_size_tablet=&#8221;20px&#8221; text_font_size_phone=&#8221;16px&#8221; text_font_size_last_edited=&#8221;off|desktop&#8221; text_line_height_tablet=&#8221;1.6em&#8221; text_line_height_phone=&#8221;1.6em&#8221; text_line_height_last_edited=&#8221;on|desktop&#8221; header_font_size_tablet=&#8221;24px&#8221; header_font_size_phone=&#8221;24px&#8221; header_font_size_last_edited=&#8221;on|desktop&#8221; locked=&#8221;off&#8221; inline_fonts=&#8221;Arial,Graphik regular&#8221; global_colors_info=&#8221;{}&#8221;]<\/p>\n<p><span style=\"display: block; margin-bottom: 20px;\"><span style=\"font-size: 22px;\">SOF\u00c0 YUTE<\/span><\/span><\/p>\n<p><\/p>\n<h1><span style=\"font-size: 24px; font-family: 'Graphik Bold', Helvetica, Arial, Lucida, sans-serif;\">Un sof\u00e0 amb seients extensibles amb sistema el\u00e8ctric i respatller multiposici\u00f3<\/span><\/h1>\n<p>[\/et_pb_text][\/et_pb_column][\/et_pb_row][\/et_pb_section][et_pb_section fb_built=&#8221;1&#8243; _builder_version=&#8221;4.27.5&#8243; _module_preset=&#8221;default&#8221; custom_margin=&#8221;||0px||false|false&#8221; custom_padding=&#8221;||0px||false|false&#8221; locked=&#8221;off&#8221; global_colors_info=&#8221;{}&#8221;][et_pb_row admin_label=&#8221;INTRO&#8221; _builder_version=&#8221;4.27.4&#8243; _module_preset=&#8221;default&#8221; width=&#8221;40%&#8221; width_tablet=&#8221;88%&#8221; width_phone=&#8221;90%&#8221; width_last_edited=&#8221;on|phone&#8221; module_alignment=&#8221;center&#8221; custom_margin=&#8221;0px||||false|false&#8221; custom_padding=&#8221;0px||||false|false&#8221; locked=&#8221;off&#8221; global_colors_info=&#8221;{}&#8221;][et_pb_column type=&#8221;4_4&#8243; _builder_version=&#8221;4.27.4&#8243; _module_preset=&#8221;default&#8221; global_colors_info=&#8221;{}&#8221;][et_pb_text _builder_version=&#8221;4.27.4&#8243; _module_preset=&#8221;default&#8221; text_font=&#8221;Graphik regular||||||||&#8221; text_font_size=&#8221;20px&#8221; text_line_height=&#8221;1.4em&#8221; text_orientation=&#8221;center&#8221; width_tablet=&#8221;&#8221; width_phone=&#8221;&#8221; width_last_edited=&#8221;on|phone&#8221; module_alignment=&#8221;center&#8221; inline_fonts=&#8221;Graphik regular&#8221; global_colors_info=&#8221;{}&#8221;][\/et_pb_text][et_pb_text content_last_edited=&#8221;off|tablet&#8221; _builder_version=&#8221;4.27.5&#8243; _module_preset=&#8221;default&#8221; text_font=&#8221;Graphik regular||||||||&#8221; text_line_height=&#8221;1.4em&#8221; link_font=&#8221;||||on||||&#8221; header_3_line_height=&#8221;1.2em&#8221; text_orientation=&#8221;center&#8221; width_tablet=&#8221;&#8221; width_phone=&#8221;&#8221; width_last_edited=&#8221;on|phone&#8221; module_alignment=&#8221;center&#8221; custom_margin=&#8221;||||false|false&#8221; custom_padding=&#8221;||||false|false&#8221; text_orientation_tablet=&#8221;&#8221; text_orientation_phone=&#8221;left&#8221; text_orientation_last_edited=&#8221;on|phone&#8221; inline_fonts=&#8221;Graphik regular&#8221; global_colors_info=&#8221;{}&#8221;]<\/p>\n<p>De formes suaus i arrodonides, el sof\u00e0 Yute \u00e9s la combinaci\u00f3 perfecta entre disseny, tecnologia i comoditat. Els seus seients lliscants \u2014mitjan\u00e7ant un sistema el\u00e8ctric\u2014 et permeten transformar-lo en un sof\u00e0 amb chaiselongue. A m\u00e9s, gr\u00e0cies al seu respatller m\u00f2bil, pots ajustar-ne l\u2019altura en dues posicions perqu\u00e8 trobis la postura perfecta en els teus moments de descans.<\/p>\n<p>[\/et_pb_text][\/et_pb_column][\/et_pb_row][et_pb_row admin_label=&#8221;Fotos&#8221; _builder_version=&#8221;4.27.5&#8243; _module_preset=&#8221;default&#8221; width=&#8221;50%&#8221; width_tablet=&#8221;93%&#8221; width_phone=&#8221;100%&#8221; width_last_edited=&#8221;on|phone&#8221; module_alignment=&#8221;center&#8221; custom_margin=&#8221;-50px||0px||false|false&#8221; custom_margin_tablet=&#8221;20px||||false|false&#8221; custom_margin_phone=&#8221;20px||0px||false|false&#8221; custom_margin_last_edited=&#8221;on|phone&#8221; custom_padding=&#8221;0px||0px||false|false&#8221; locked=&#8221;off&#8221; global_colors_info=&#8221;{}&#8221;][et_pb_column type=&#8221;4_4&#8243; _builder_version=&#8221;4.27.3&#8243; _module_preset=&#8221;default&#8221; global_colors_info=&#8221;{}&#8221;][et_pb_image src=&#8221;https:\/\/pilma.com\/wp-content\/uploads\/2026\/02\/0957-YUCB2088-SOFA-ELECTRIC-YUTE-208-PILMA-01.gif&#8221; title_text=&#8221;0957-YUCB2088-SOFA-ELECTRIC-YUTE-208-PILMA-01&#8243; url=&#8221;https:\/\/pilma.com\/ca\/coleccio\/yute\/&#8221; url_new_window=&#8221;on&#8221; show_bottom_space=&#8221;off&#8221; _builder_version=&#8221;4.27.5&#8243; _module_preset=&#8221;default&#8221; width=&#8221;100%&#8221; width_tablet=&#8221;100%&#8221; width_phone=&#8221;100%&#8221; width_last_edited=&#8221;on|phone&#8221; module_alignment=&#8221;center&#8221; custom_margin=&#8221;0px||||false|false&#8221; custom_padding=&#8221;0px||||false|false&#8221; global_colors_info=&#8221;{}&#8221;][\/et_pb_image][et_pb_button button_url=&#8221;https:\/\/pilma.com\/ca\/coleccio\/yute\/&#8221; button_text=&#8221;descobrir tamanys&#8221; button_alignment=&#8221;center&#8221; _builder_version=&#8221;4.27.5&#8243; _module_preset=&#8221;default&#8221; custom_button=&#8221;on&#8221; button_text_size=&#8221;16px&#8221; button_text_color=&#8221;#000000&#8243; button_border_width=&#8221;1px&#8221; button_border_color=&#8221;#000000&#8243; button_border_radius=&#8221;4px&#8221; button_use_icon=&#8221;off&#8221; custom_margin=&#8221;0px||100px||false|false&#8221; custom_margin_tablet=&#8221;&#8221; custom_margin_phone=&#8221;50px||30px||false|false&#8221; custom_margin_last_edited=&#8221;on|phone&#8221; custom_padding=&#8221;||||false|false&#8221; locked=&#8221;off&#8221; global_colors_info=&#8221;{}&#8221; button_bg_color__hover_enabled=&#8221;on|desktop&#8221; button_bg_color__hover=&#8221;#000000&#8243; button_bg_enable_color__hover=&#8221;on&#8221; button_border_width__hover_enabled=&#8221;on|hover&#8221; button_border_width__hover=&#8221;1px&#8221; button_border_color__hover_enabled=&#8221;on|hover&#8221; button_border_color__hover=&#8221;#000000&#8243; button_text_color__hover_enabled=&#8221;on|hover&#8221; button_text_color__hover=&#8221;#FFFFFF&#8221;][\/et_pb_button][\/et_pb_column][\/et_pb_row][\/et_pb_section][et_pb_section fb_built=&#8221;1&#8243; disabled_on=&#8221;off|off|off&#8221; admin_label=&#8221;FOTO FAMILIA&#8221; _builder_version=&#8221;4.27.5&#8243; _module_preset=&#8221;default&#8221; background_image=&#8221;https:\/\/pilma.com\/wp-content\/uploads\/2026\/02\/Ambiente-sofa-yute-2-modulos-osaka-8-mesa-rom-lampara-pie-cylinder-lampara-sobremesa-tanit-portatil-pilma-1920&#215;1050-1.jpg&#8221; background_enable_video_mp4=&#8221;off&#8221; background_enable_video_webm=&#8221;off&#8221; background_video_width=&#8221;1920&#8243; background_video_height=&#8221;1050&#8243; width=&#8221;100%&#8221; height=&#8221;46.25vw&#8221; height_tablet=&#8221;100vw&#8221; height_phone=&#8221;177vw&#8221; height_last_edited=&#8221;on|phone&#8221; display_conditions=&#8221;W10=&#8221; link_option_url=&#8221;htthttps:\/\/pilma.com\/coleccion\/yute\/&#8221; background_last_edited=&#8221;on|phone&#8221; background_image_tablet=&#8221;https:\/\/pilma.com\/wp-content\/uploads\/2026\/02\/Ambiente-sofa-yute-2-modulos-osaka-8-mesa-rom-lampara-pie-cylinder-lampara-sobremesa-tanit-portatil-pilma-1920&#215;1920-1.jpg&#8221; background_image_phone=&#8221;https:\/\/pilma.com\/wp-content\/uploads\/2026\/02\/Ambiente-sofa-yute-2-modulos-osaka-8-mesa-rom-lampara-pie-cylinder-lampara-sobremesa-tanit-portatil-pilma-1200&#215;1920-1.jpg&#8221; background_enable_image_tablet=&#8221;on&#8221; background_enable_image_phone=&#8221;on&#8221; locked=&#8221;off&#8221; global_colors_info=&#8221;{}&#8221;][\/et_pb_section][et_pb_section fb_built=&#8221;1&#8243; _builder_version=&#8221;4.27.5&#8243; _module_preset=&#8221;default&#8221; custom_margin=&#8221;30px||0px||false|false&#8221; custom_padding=&#8221;30px||0px||false|false&#8221; locked=&#8221;off&#8221; global_colors_info=&#8221;{}&#8221;][et_pb_row admin_label=&#8221;INTRO&#8221; _builder_version=&#8221;4.27.5&#8243; _module_preset=&#8221;default&#8221; width=&#8221;30%&#8221; width_tablet=&#8221;88%&#8221; width_phone=&#8221;90%&#8221; width_last_edited=&#8221;on|phone&#8221; module_alignment=&#8221;center&#8221; custom_margin=&#8221;0px||||false|false&#8221; custom_padding=&#8221;0px||||false|false&#8221; locked=&#8221;off&#8221; global_colors_info=&#8221;{}&#8221;][et_pb_column type=&#8221;4_4&#8243; _builder_version=&#8221;4.27.4&#8243; _module_preset=&#8221;default&#8221; global_colors_info=&#8221;{}&#8221;][et_pb_text _builder_version=&#8221;4.27.4&#8243; _module_preset=&#8221;default&#8221; text_font=&#8221;Graphik regular||||||||&#8221; text_font_size=&#8221;20px&#8221; text_line_height=&#8221;1.4em&#8221; text_orientation=&#8221;center&#8221; width_tablet=&#8221;&#8221; width_phone=&#8221;&#8221; width_last_edited=&#8221;on|phone&#8221; module_alignment=&#8221;center&#8221; inline_fonts=&#8221;Graphik regular&#8221; global_colors_info=&#8221;{}&#8221;][\/et_pb_text][et_pb_text _builder_version=&#8221;4.27.5&#8243; _module_preset=&#8221;default&#8221; text_font=&#8221;Graphik regular||||||||&#8221; text_line_height=&#8221;1.4em&#8221; link_font=&#8221;||||on||||&#8221; header_3_line_height=&#8221;1.2em&#8221; text_orientation=&#8221;center&#8221; width_tablet=&#8221;&#8221; width_phone=&#8221;&#8221; width_last_edited=&#8221;on|phone&#8221; module_alignment=&#8221;center&#8221; custom_margin=&#8221;||||false|false&#8221; custom_padding=&#8221;||||false|false&#8221; text_orientation_tablet=&#8221;&#8221; text_orientation_phone=&#8221;left&#8221; text_orientation_last_edited=&#8221;on|phone&#8221; inline_fonts=&#8221;Graphik regular&#8221; global_colors_info=&#8221;{}&#8221;]<\/p>\n<p><span style=\"font-size: 22px;\">El sof\u00e0 Yute transforma el teu descans diari en una experi\u00e8ncia de confort absolut<\/span><\/p>\n<p><\/p>\n<p>&nbsp;<\/p>\n<p><\/p>\n<p>Disponible en diferents mides de 2, 3 o fins a 4 places, est\u00e0 entapissat en to beix terra, un color suau i ser\u00e8 que harmonitza amb qualsevol estil i ambient. Yute no nom\u00e9s s\u2019adapta a casa teva, sin\u00f3 tamb\u00e9 al teu ritme de vida, convertint cada moment de descans en una experi\u00e8ncia encara m\u00e9s confortable i plaent.<\/p>\n<p>[\/et_pb_text][\/et_pb_column][\/et_pb_row][et_pb_row column_structure=&#8221;1_5,1_5,1_5,1_5,1_5&#8243; disabled_on=&#8221;on|on|off&#8221; module_id=&#8221;modulos-sofa-kumo&#8221; _builder_version=&#8221;4.27.5&#8243; _module_preset=&#8221;default&#8221; width=&#8221;100%&#8221; max_width=&#8221;1800px&#8221; custom_margin=&#8221;30px||0px||false|false&#8221; custom_padding=&#8221;30px||0px||false|false&#8221; global_colors_info=&#8221;{}&#8221;][et_pb_column type=&#8221;1_5&#8243; _builder_version=&#8221;4.27.4&#8243; _module_preset=&#8221;default&#8221; global_colors_info=&#8221;{}&#8221;][et_pb_image src=&#8221;https:\/\/pilma.com\/wp-content\/uploads\/2026\/02\/SOFA-ELECTRIC-YUTE-188-PILMA-01.jpg&#8221; alt=&#8221;Principal&#8221; title_text=&#8221;SOFA-ELECTRIC-YUTE-188-PILMA-01&#8243; url=&#8221;https:\/\/pilma.com\/ca\/producte\/sofa-yute-2-3-4-places-amb-seients-i-respatller-multiposicio\/?attribute_pa_largo=188&#8243; _builder_version=&#8221;4.27.5&#8243; _module_preset=&#8221;default&#8221; global_colors_info=&#8221;{}&#8221;][\/et_pb_image][et_pb_text _builder_version=&#8221;4.27.5&#8243; _module_preset=&#8221;default&#8221; global_colors_info=&#8221;{}&#8221;]<\/p>\n<p style=\"text-align: center;\"><strong>Sof\u00e0 Yute de 4 places<\/strong><br \/>268 x 110 x 103 cm<\/p>\n<p>[\/et_pb_text][\/et_pb_column][et_pb_column type=&#8221;1_5&#8243; _builder_version=&#8221;4.27.4&#8243; _module_preset=&#8221;default&#8221; global_colors_info=&#8221;{}&#8221;][et_pb_image src=&#8221;https:\/\/pilma.com\/wp-content\/uploads\/2026\/02\/SOFA-ELECTRIC-YUTE-208-PILMA-01.jpg&#8221; alt=&#8221;Principal&#8221; title_text=&#8221;SOFA-ELECTRIC-YUTE-208-PILMA-01&#8243; url=&#8221;https:\/\/pilma.com\/ca\/producte\/sofa-yute-2-3-4-places-amb-seients-i-respatller-multiposicio\/?attribute_pa_largo=208&#8243; _builder_version=&#8221;4.27.5&#8243; _module_preset=&#8221;default&#8221; global_colors_info=&#8221;{}&#8221;][\/et_pb_image][et_pb_text _builder_version=&#8221;4.27.5&#8243; _module_preset=&#8221;default&#8221; global_colors_info=&#8221;{}&#8221;]<\/p>\n<p style=\"text-align: center;\"><strong>Sof\u00e0 Yute de 3 places<\/strong><br \/>\n208 x 110 x 103 cm<\/p>\n<p>\n[\/et_pb_text][\/et_pb_column][et_pb_column type=&#8221;1_5&#8243; _builder_version=&#8221;4.27.4&#8243; _module_preset=&#8221;default&#8221; global_colors_info=&#8221;{}&#8221;][et_pb_image src=&#8221;https:\/\/pilma.com\/wp-content\/uploads\/2026\/02\/SOFA-ELECTRIC-YUTE-228-PILMA-01.jpg&#8221; alt=&#8221;Principal&#8221; title_text=&#8221;SOFA-ELECTRIC-YUTE-228-PILMA-01&#8243; url=&#8221;https:\/\/pilma.com\/ca\/producte\/sofa-yute-2-3-4-places-amb-seients-i-respatller-multiposicio\/?attribute_pa_largo=228&#8243; _builder_version=&#8221;4.27.5&#8243; _module_preset=&#8221;default&#8221; global_colors_info=&#8221;{}&#8221;][\/et_pb_image][et_pb_text _builder_version=&#8221;4.27.5&#8243; _module_preset=&#8221;default&#8221; global_colors_info=&#8221;{}&#8221;]<\/p>\n<p style=\"text-align: center;\"><strong>Sof\u00e0 Yute de 3 places<\/strong><br \/>\n228 x 110 x 103 cm<\/p>\n<p>\n[\/et_pb_text][\/et_pb_column][et_pb_column type=&#8221;1_5&#8243; _builder_version=&#8221;4.27.4&#8243; _module_preset=&#8221;default&#8221; global_colors_info=&#8221;{}&#8221;][et_pb_image src=&#8221;https:\/\/pilma.com\/wp-content\/uploads\/2026\/02\/SOFA-ELECTRIC-YUTE-248-PILMA-01.jpg&#8221; alt=&#8221;Principal&#8221; title_text=&#8221;SOFA-ELECTRIC-YUTE-248-PILMA-01&#8243; url=&#8221;https:\/\/pilma.com\/ca\/producte\/sofa-yute-2-3-4-places-amb-seients-i-respatller-multiposicio\/?attribute_pa_largo=248&#8243; _builder_version=&#8221;4.27.5&#8243; _module_preset=&#8221;default&#8221; global_colors_info=&#8221;{}&#8221;][\/et_pb_image][et_pb_text _builder_version=&#8221;4.27.5&#8243; _module_preset=&#8221;default&#8221; global_colors_info=&#8221;{}&#8221;]<\/p>\n<p style=\"text-align: center;\"><strong>Sof\u00e0 Yute de 4 places<\/strong><br \/>\n248 x 110 x 103 cm<\/p>\n<p>\n[\/et_pb_text][\/et_pb_column][et_pb_column type=&#8221;1_5&#8243; _builder_version=&#8221;4.27.4&#8243; _module_preset=&#8221;default&#8221; global_colors_info=&#8221;{}&#8221;][et_pb_image src=&#8221;https:\/\/pilma.com\/wp-content\/uploads\/2026\/02\/SOFA-ELECTRIC-YUTE-268-PILMA-01.jpg&#8221; alt=&#8221;Principal&#8221; title_text=&#8221;SOFA-ELECTRIC-YUTE-268-PILMA-01&#8243; url=&#8221;https:\/\/pilma.com\/ca\/producte\/sofa-yute-2-3-4-places-amb-seients-i-respatller-multiposicio\/?attribute_pa_largo=268&#8243; _builder_version=&#8221;4.27.5&#8243; _module_preset=&#8221;default&#8221; global_colors_info=&#8221;{}&#8221;][\/et_pb_image][et_pb_text _builder_version=&#8221;4.27.5&#8243; _module_preset=&#8221;default&#8221; global_colors_info=&#8221;{}&#8221;]<\/p>\n<p style=\"text-align: center;\"><strong>Sof\u00e0 Yute de 4 places<\/strong><br \/>\n268 x 110 x 103 cm<\/p>\n<p>\n[\/et_pb_text][\/et_pb_column][\/et_pb_row][\/et_pb_section][et_pb_section fb_built=&#8221;1&#8243; _builder_version=&#8221;4.27.5&#8243; _module_preset=&#8221;default&#8221; custom_margin=&#8221;0px||10px||false|false&#8221; custom_padding=&#8221;0px||10px||false|false&#8221; locked=&#8221;off&#8221; global_colors_info=&#8221;{}&#8221;][et_pb_row disabled_on=&#8221;off|off|on&#8221; admin_label=&#8221;MALETAS &#8211; SLIDER MOBILE&#8221; _builder_version=&#8221;4.27.5&#8243; _module_preset=&#8221;default&#8221; width=&#8221;100%&#8221; custom_margin=&#8221;||0px||false|false&#8221; custom_padding=&#8221;||0px||false|false&#8221; global_colors_info=&#8221;{}&#8221;][et_pb_column type=&#8221;4_4&#8243; _builder_version=&#8221;4.27.5&#8243; _module_preset=&#8221;default&#8221; global_colors_info=&#8221;{}&#8221;][et_pb_slider show_pagination=&#8221;off&#8221; _builder_version=&#8221;4.27.5&#8243; _module_preset=&#8221;default&#8221; header_line_height=&#8221;1.4em&#8221; background_color=&#8221;#FFFFFF&#8221; height=&#8221;400px&#8221; global_colors_info=&#8221;{}&#8221;][et_pb_slide heading=&#8221;Sof\u00e0 Yute de 2 places      188 x  110 x 103 cm&#8221; button_link=&#8221;https:\/\/pilma.com\/ca\/producte\/sofa-yute-2-3-4-places-amb-seients-i-respatller-multiposicio\/?attribute_pa_largo=188&#8243; use_bg_overlay=&#8221;off&#8221; use_text_overlay=&#8221;off&#8221; _builder_version=&#8221;4.27.5&#8243; _module_preset=&#8221;default&#8221; header_font_size=&#8221;16px&#8221; background_enable_color=&#8221;off&#8221; background_image=&#8221;https:\/\/pilma.com\/wp-content\/uploads\/2026\/02\/SOFA-ELECTRIC-YUTE-188-PILMA-01.jpg&#8221; background_enable_image=&#8221;on&#8221; background_size=&#8221;contain&#8221; background_layout=&#8221;light&#8221; link_option_url=&#8221;https:\/\/pilma.com\/ca\/producte\/sofa-yute-2-3-4-places-amb-seients-i-respatller-multiposicio\/?attribute_pa_largo=188&#8243; custom_css_free_form=&#8221;.et_pb_slider .et_pb_slide {|| position: relative;||}||||.et_pb_slider .et_pb_slide .et_pb_slide_title {|| position: absolute;|| bottom: 10px;|| left: 50%;|| transform: translateX(-50%);|| color: black;|| font-size: 16px;||}||||@media only screen and (max-width: 768px) {|| .et_pb_slider .et_pb_slide .et_pb_slide_title {|| font-size: 16px;|| bottom: -140px;|| }||}&#8221; global_colors_info=&#8221;{}&#8221; sticky_transition=&#8221;on&#8221;][\/et_pb_slide][et_pb_slide heading=&#8221;Sof\u00e0 Yute de 3 places      208 x  110 x 103 cm&#8221; button_link=&#8221;https:\/\/pilma.com\/ca\/producte\/sofa-yute-2-3-4-places-amb-seients-i-respatller-multiposicio\/?attribute_pa_largo=208&#8243; use_bg_overlay=&#8221;off&#8221; use_text_overlay=&#8221;off&#8221; _builder_version=&#8221;4.27.5&#8243; _module_preset=&#8221;default&#8221; header_font_size=&#8221;16px&#8221; background_enable_color=&#8221;off&#8221; background_image=&#8221;https:\/\/pilma.com\/wp-content\/uploads\/2026\/02\/SOFA-ELECTRIC-YUTE-208-PILMA-01.jpg&#8221; background_enable_image=&#8221;on&#8221; background_size=&#8221;contain&#8221; background_layout=&#8221;light&#8221; link_option_url=&#8221;https:\/\/pilma.com\/ca\/producte\/sofa-yute-2-3-4-places-amb-seients-i-respatller-multiposicio\/?attribute_pa_largo=208&#8243; custom_css_free_form=&#8221;.et_pb_slider .et_pb_slide {|| position: relative;||}||||.et_pb_slider .et_pb_slide .et_pb_slide_title {|| position: absolute;|| bottom: 10px;|| left: 50%;|| transform: translateX(-50%);|| color: black;|| font-size: 16px;||}||||@media only screen and (max-width: 768px) {|| .et_pb_slider .et_pb_slide .et_pb_slide_title {|| font-size: 16px;|| bottom: -140px;|| }||}&#8221; global_colors_info=&#8221;{}&#8221; sticky_transition=&#8221;on&#8221;][\/et_pb_slide][et_pb_slide heading=&#8221;Sof\u00e0 Yute de 3 places      228 x  110 x 103 cm&#8221; button_link=&#8221;https:\/\/pilma.com\/ca\/producte\/sofa-yute-2-3-4-places-amb-seients-i-respatller-multiposicio\/?attribute_pa_largo=228&#8243; use_bg_overlay=&#8221;off&#8221; use_text_overlay=&#8221;off&#8221; _builder_version=&#8221;4.27.5&#8243; _module_preset=&#8221;default&#8221; header_font_size=&#8221;16px&#8221; background_enable_color=&#8221;off&#8221; background_image=&#8221;https:\/\/pilma.com\/wp-content\/uploads\/2026\/02\/SOFA-ELECTRIC-YUTE-228-PILMA-01.jpg&#8221; background_enable_image=&#8221;on&#8221; background_size=&#8221;contain&#8221; background_layout=&#8221;light&#8221; link_option_url=&#8221;https:\/\/pilma.com\/ca\/producte\/sofa-yute-2-3-4-places-amb-seients-i-respatller-multiposicio\/?attribute_pa_largo=228&#8243; custom_css_free_form=&#8221;.et_pb_slider .et_pb_slide {|| position: relative;||}||||.et_pb_slider .et_pb_slide .et_pb_slide_title {|| position: absolute;|| bottom: 10px;|| left: 50%;|| transform: translateX(-50%);|| color: black;|| font-size: 16px;||}||||@media only screen and (max-width: 768px) {|| .et_pb_slider .et_pb_slide .et_pb_slide_title {|| font-size: 16px;|| bottom: -140px;|| }||}&#8221; global_colors_info=&#8221;{}&#8221; sticky_transition=&#8221;on&#8221;][\/et_pb_slide][et_pb_slide heading=&#8221;Sof\u00e0 Yute de 4 places      248 x  110 x 103 cm&#8221; button_link=&#8221;https:\/\/pilma.com\/ca\/producte\/sofa-yute-2-3-4-places-amb-seients-i-respatller-multiposicio\/?attribute_pa_largo=248&#8243; use_bg_overlay=&#8221;off&#8221; use_text_overlay=&#8221;off&#8221; _builder_version=&#8221;4.27.5&#8243; _module_preset=&#8221;default&#8221; header_font_size=&#8221;16px&#8221; background_enable_color=&#8221;off&#8221; background_image=&#8221;https:\/\/pilma.com\/wp-content\/uploads\/2026\/02\/SOFA-ELECTRIC-YUTE-248-PILMA-01.jpg&#8221; background_enable_image=&#8221;on&#8221; background_size=&#8221;contain&#8221; background_layout=&#8221;light&#8221; link_option_url=&#8221;https:\/\/pilma.com\/ca\/producte\/sofa-yute-2-3-4-places-amb-seients-i-respatller-multiposicio\/?attribute_pa_largo=248&#8243; custom_css_free_form=&#8221;.et_pb_slider .et_pb_slide {|| position: relative;||}||||.et_pb_slider .et_pb_slide .et_pb_slide_title {|| position: absolute;|| bottom: 10px;|| left: 50%;|| transform: translateX(-50%);|| color: black;|| font-size: 16px;||}||||@media only screen and (max-width: 768px) {|| .et_pb_slider .et_pb_slide .et_pb_slide_title {|| font-size: 16px;|| bottom: -140px;|| }||}&#8221; global_colors_info=&#8221;{}&#8221; sticky_transition=&#8221;on&#8221;][\/et_pb_slide][et_pb_slide heading=&#8221;Sof\u00e0 Yute de 4 places      268 x  110 x 103 cm&#8221; button_link=&#8221;https:\/\/pilma.com\/ca\/producte\/sofa-yute-2-3-4-places-amb-seients-i-respatller-multiposicio\/?attribute_pa_largo=268&#8243; use_bg_overlay=&#8221;off&#8221; use_text_overlay=&#8221;off&#8221; _builder_version=&#8221;4.27.5&#8243; _module_preset=&#8221;default&#8221; header_font_size=&#8221;16px&#8221; background_enable_color=&#8221;off&#8221; background_image=&#8221;https:\/\/pilma.com\/wp-content\/uploads\/2026\/02\/SOFA-ELECTRIC-YUTE-268-PILMA-01.jpg&#8221; background_enable_image=&#8221;on&#8221; background_size=&#8221;contain&#8221; background_layout=&#8221;light&#8221; link_option_url=&#8221;https:\/\/pilma.com\/ca\/producte\/sofa-yute-2-3-4-places-amb-seients-i-respatller-multiposicio\/?attribute_pa_largo=268&#8243; custom_css_free_form=&#8221;.et_pb_slider .et_pb_slide {|| position: relative;||}||||.et_pb_slider .et_pb_slide .et_pb_slide_title {|| position: absolute;|| bottom: 10px;|| left: 50%;|| transform: translateX(-50%);|| color: black;|| font-size: 16px;||}||||@media only screen and (max-width: 768px) {|| .et_pb_slider .et_pb_slide .et_pb_slide_title {|| font-size: 16px;|| bottom: -140px;|| }||}&#8221; global_colors_info=&#8221;{}&#8221; sticky_transition=&#8221;on&#8221;][\/et_pb_slide][\/et_pb_slider][\/et_pb_column][\/et_pb_row][et_pb_row admin_label=&#8221;INTRO&#8221; _builder_version=&#8221;4.27.5&#8243; _module_preset=&#8221;default&#8221; width=&#8221;40%&#8221; width_tablet=&#8221;88%&#8221; width_phone=&#8221;90%&#8221; width_last_edited=&#8221;on|phone&#8221; module_alignment=&#8221;center&#8221; custom_margin=&#8221;30px||0px||false|false&#8221; custom_margin_tablet=&#8221;30px||0px||false|false&#8221; custom_margin_phone=&#8221;0px||0px||false|false&#8221; custom_margin_last_edited=&#8221;on|phone&#8221; custom_padding=&#8221;0px||0px||false|false&#8221; locked=&#8221;off&#8221; global_colors_info=&#8221;{}&#8221;][et_pb_column type=&#8221;4_4&#8243; _builder_version=&#8221;4.27.4&#8243; _module_preset=&#8221;default&#8221; global_colors_info=&#8221;{}&#8221;][et_pb_text _builder_version=&#8221;4.27.4&#8243; _module_preset=&#8221;default&#8221; text_font=&#8221;Graphik regular||||||||&#8221; text_font_size=&#8221;20px&#8221; text_line_height=&#8221;1.4em&#8221; text_orientation=&#8221;center&#8221; width_tablet=&#8221;&#8221; width_phone=&#8221;&#8221; width_last_edited=&#8221;on|phone&#8221; module_alignment=&#8221;center&#8221; inline_fonts=&#8221;Graphik regular&#8221; global_colors_info=&#8221;{}&#8221;][\/et_pb_text][et_pb_button button_url=&#8221;https:\/\/pilma.com\/ca\/coleccio\/yute\/&#8221; button_text=&#8221;comprar&#8221; button_alignment=&#8221;center&#8221; _builder_version=&#8221;4.27.5&#8243; _module_preset=&#8221;default&#8221; custom_button=&#8221;on&#8221; button_text_size=&#8221;16px&#8221; button_text_color=&#8221;#000000&#8243; button_border_width=&#8221;1px&#8221; button_border_color=&#8221;#000000&#8243; button_border_radius=&#8221;4px&#8221; button_use_icon=&#8221;off&#8221; custom_margin=&#8221;0px||50px||false|false&#8221; custom_margin_tablet=&#8221;0px||50px||false|false&#8221; custom_margin_phone=&#8221;0px||0px||false|false&#8221; custom_margin_last_edited=&#8221;on|phone&#8221; custom_padding=&#8221;||||false|false&#8221; locked=&#8221;off&#8221; global_colors_info=&#8221;{}&#8221; button_bg_color__hover_enabled=&#8221;on|desktop&#8221; button_bg_color__hover=&#8221;#000000&#8243; button_bg_enable_color__hover=&#8221;on&#8221; button_border_width__hover_enabled=&#8221;on|hover&#8221; button_border_width__hover=&#8221;1px&#8221; button_border_color__hover_enabled=&#8221;on|hover&#8221; button_border_color__hover=&#8221;#000000&#8243; button_text_color__hover_enabled=&#8221;on|hover&#8221; button_text_color__hover=&#8221;#FFFFFF&#8221;][\/et_pb_button][\/et_pb_column][\/et_pb_row][\/et_pb_section][et_pb_section fb_built=&#8221;1&#8243; admin_label=&#8221;Fotos&#8221; _builder_version=&#8221;4.27.4&#8243; _module_preset=&#8221;default&#8221; custom_margin=&#8221;0px||0px||false|false&#8221; custom_padding=&#8221;0px||0px||false|false&#8221; locked=&#8221;off&#8221; global_colors_info=&#8221;{}&#8221;][et_pb_row column_structure=&#8221;1_2,1_2&#8243; admin_label=&#8221;Fila&#8221; _builder_version=&#8221;4.27.4&#8243; _module_preset=&#8221;default&#8221; width=&#8221;100%&#8221; max_width=&#8221;1400px&#8221; custom_margin=&#8221;30px||||false|false&#8221; custom_padding=&#8221;||||false|false&#8221; locked=&#8221;off&#8221; global_colors_info=&#8221;{}&#8221;][et_pb_column type=&#8221;1_2&#8243; _builder_version=&#8221;4.27.3&#8243; _module_preset=&#8221;default&#8221; global_colors_info=&#8221;{}&#8221;][et_pb_image src=&#8221;https:\/\/pilma.com\/wp-content\/uploads\/2026\/01\/ambiente-sofa-yute-osaka-8-pilma-02.jpg&#8221; alt=&#8221;Principal&#8221; title_text=&#8221;ambiente-sofa-yute-osaka-8-pilma-02&#8243; url=&#8221;https:\/\/pilma.com\/ca\/coleccio\/yute\/&#8221; show_bottom_space=&#8221;off&#8221; _builder_version=&#8221;4.27.5&#8243; _module_preset=&#8221;default&#8221; width_tablet=&#8221;93%&#8221; width_phone=&#8221;90%&#8221; width_last_edited=&#8221;on|desktop&#8221; module_alignment=&#8221;center&#8221; custom_margin=&#8221;|50px|||false|false&#8221; module_alignment_last_edited=&#8221;off|phone&#8221; global_colors_info=&#8221;{}&#8221;][\/et_pb_image][\/et_pb_column][et_pb_column type=&#8221;1_2&#8243; _builder_version=&#8221;4.27.3&#8243; _module_preset=&#8221;default&#8221; global_colors_info=&#8221;{}&#8221;][et_pb_image src=&#8221;https:\/\/pilma.com\/wp-content\/uploads\/2026\/01\/detalle-sofa-yute-osaka-8-pilma-01.jpg&#8221; title_text=&#8221;detalle-sofa-yute-osaka-8-pilma-01&#8243; url=&#8221;https:\/\/pilma.com\/ca\/coleccio\/yute\/&#8221; show_bottom_space=&#8221;off&#8221; _builder_version=&#8221;4.27.5&#8243; _module_preset=&#8221;default&#8221; width=&#8221;80%&#8221; width_tablet=&#8221;93%&#8221; width_phone=&#8221;90%&#8221; width_last_edited=&#8221;on|phone&#8221; module_alignment=&#8221;center&#8221; custom_margin=&#8221;80px|||40px|false|false&#8221; custom_margin_tablet=&#8221;20px|||0px|false|false&#8221; custom_margin_phone=&#8221;30px|||0px|false|false&#8221; custom_margin_last_edited=&#8221;on|phone&#8221; custom_padding=&#8221;||||false|false&#8221; global_colors_info=&#8221;{}&#8221;][\/et_pb_image][\/et_pb_column][\/et_pb_row][et_pb_row _builder_version=&#8221;4.27.5&#8243; _module_preset=&#8221;default&#8221; width=&#8221;50%&#8221; width_tablet=&#8221;&#8221; width_phone=&#8221;100%&#8221; width_last_edited=&#8221;on|phone&#8221; custom_margin=&#8221;0px||||false|false&#8221; custom_margin_tablet=&#8221;60px||||false|false&#8221; custom_margin_phone=&#8221;20px||||false|false&#8221; custom_margin_last_edited=&#8221;on|phone&#8221; custom_padding=&#8221;0px||||false|false&#8221; locked=&#8221;off&#8221; global_colors_info=&#8221;{}&#8221;][et_pb_column type=&#8221;4_4&#8243; _builder_version=&#8221;4.27.4&#8243; _module_preset=&#8221;default&#8221; global_colors_info=&#8221;{}&#8221;][et_pb_image src=&#8221;https:\/\/pilma.com\/wp-content\/uploads\/2026\/01\/detalle-sofa-yute-osaka-8-pilma-03.jpg&#8221; alt=&#8221;Principal&#8221; title_text=&#8221;detalle-sofa-yute-osaka-8-pilma-03&#8243; url=&#8221;https:\/\/pilma.com\/ca\/coleccio\/yute\/&#8221; url_new_window=&#8221;on&#8221; show_bottom_space=&#8221;off&#8221; _builder_version=&#8221;4.27.5&#8243; _module_preset=&#8221;default&#8221; width=&#8221;80%&#8221; width_tablet=&#8221;93%&#8221; width_phone=&#8221;90%&#8221; width_last_edited=&#8221;on|phone&#8221; module_alignment=&#8221;center&#8221; custom_margin=&#8221;80px|||40px|false|false&#8221; custom_margin_tablet=&#8221;20px|||0px|false|false&#8221; custom_margin_phone=&#8221;20px|||0px|false|false&#8221; custom_margin_last_edited=&#8221;on|phone&#8221; global_colors_info=&#8221;{}&#8221;][\/et_pb_image][et_pb_text _builder_version=&#8221;4.27.5&#8243; _module_preset=&#8221;default&#8221; text_font=&#8221;Graphik Bold||||||||&#8221; text_font_size=&#8221;24px&#8221; text_line_height=&#8221;1.4em&#8221; link_font=&#8221;||||on||||&#8221; header_3_line_height=&#8221;1.2em&#8221; text_orientation=&#8221;center&#8221; width_tablet=&#8221;&#8221; width_phone=&#8221;80%&#8221; width_last_edited=&#8221;on|phone&#8221; module_alignment=&#8221;center&#8221; custom_margin=&#8221;50px||0px||false|false&#8221; custom_padding=&#8221;50px||0px||false|false&#8221; text_font_size_tablet=&#8221;&#8221; text_font_size_phone=&#8221;20px&#8221; text_font_size_last_edited=&#8221;on|phone&#8221; inline_fonts=&#8221;Graphik regular&#8221; global_colors_info=&#8221;{}&#8221;]<\/p>\n<p>Troba la mida perfecta i gaudeix de la comoditat de Yute<\/p>\n<p>[\/et_pb_text][et_pb_button button_url=&#8221;https:\/\/pilma.com\/ca\/coleccio\/yute\/&#8221; button_text=&#8221;comprar ara&#8221; button_alignment=&#8221;center&#8221; _builder_version=&#8221;4.27.5&#8243; _module_preset=&#8221;default&#8221; custom_button=&#8221;on&#8221; button_text_size=&#8221;16px&#8221; button_text_color=&#8221;#FFFFFF&#8221; button_bg_color=&#8221;#000000&#8243; button_border_width=&#8221;1px&#8221; button_border_color=&#8221;#000000&#8243; button_border_radius=&#8221;4px&#8221; button_use_icon=&#8221;off&#8221; custom_margin=&#8221;50px||80px||false|false&#8221; custom_padding=&#8221;||||false|false&#8221; locked=&#8221;off&#8221; global_colors_info=&#8221;{}&#8221; button_bg_color__hover_enabled=&#8221;on|desktop&#8221; button_bg_color__hover=&#8221;#FFFFFF&#8221; button_bg_enable_color__hover=&#8221;on&#8221; button_border_width__hover_enabled=&#8221;on|hover&#8221; button_border_width__hover=&#8221;1px&#8221; button_border_color__hover_enabled=&#8221;on|hover&#8221; button_border_color__hover=&#8221;#000000&#8243; button_text_color__hover_enabled=&#8221;on|hover&#8221; button_text_color__hover=&#8221;#000000&#8243;][\/et_pb_button][\/et_pb_column][\/et_pb_row][et_pb_row admin_label=&#8221;EDITORIAL I Otras entradas&#8221; _builder_version=&#8221;4.27.5&#8243; _module_preset=&#8221;default&#8221; width=&#8221;100%&#8221; width_tablet=&#8221;88%&#8221; width_phone=&#8221;90%&#8221; width_last_edited=&#8221;on|phone&#8221; max_width=&#8221;1600px&#8221; module_alignment=&#8221;center&#8221; custom_margin=&#8221;100px||50px||false|false&#8221; custom_padding=&#8221;0px||||false|false&#8221; hover_enabled=&#8221;0&#8243; locked=&#8221;off&#8221; global_colors_info=&#8221;{}&#8221; sticky_enabled=&#8221;0&#8243;][et_pb_column type=&#8221;4_4&#8243; _builder_version=&#8221;4.27.4&#8243; _module_preset=&#8221;default&#8221; global_colors_info=&#8221;{}&#8221;][dsm_blog_carousel include_categories=&#8221;all&#8221; use_date=&#8221;off&#8221; use_author=&#8221;off&#8221; columns=&#8221;4&#8243; autoplay=&#8221;off&#8221; content_wrapper=&#8221;20px|20px||0px|false|false&#8221; columns_tablet=&#8221;2&#8243; columns_phone=&#8221;1&#8243; columns_last_edited=&#8221;on|phone&#8221; use_navi_tablet=&#8221;&#8221; use_navi_phone=&#8221;off&#8221; use_navi_last_edited=&#8221;on|phone&#8221; _builder_version=&#8221;4.27.5&#8243; _module_preset=&#8221;default&#8221; title_font=&#8221;Graphik Bold||||||||&#8221; title_line_height=&#8221;1.2em&#8221; body_font_size=&#8221;14px&#8221; body_line_height=&#8221;1.4em&#8221; custom_margin=&#8221;||0px||false|false&#8221; global_colors_info=&#8221;{}&#8221;][\/dsm_blog_carousel][\/et_pb_column][\/et_pb_row][\/et_pb_section]<\/p>\n","protected":false},"excerpt":{"rendered":"<p>De formes suaus i arrodonides, el sof\u00e0 Yute \u00e9s la combinaci\u00f3 perfecta entre disseny, tecnologia i comoditat.<\/p>\n","protected":false},"author":24045,"featured_media":101970,"comment_status":"closed","ping_status":"closed","sticky":false,"template":"","format":"standard","meta":{"_acf_changed":false,"_et_pb_use_builder":"on","_et_pb_old_content":"","_et_gb_content_width":"","footnotes":""},"categories":[2842],"tags":[],"class_list":["post-101971","post","type-post","status-publish","format-standard","has-post-thumbnail","hentry","category-pilma-ca"],"acf":[],"yoast_head":"<!-- This site is optimized with the Yoast SEO plugin v27.4 - https:\/\/yoast.com\/product\/yoast-seo-wordpress\/ -->\n<title>Un sof\u00e0 amb seients extensibles amb sistema el\u00e8ctric i respatller multiposici\u00f3 - Pilma - Mobles de disseny i decoraci\u00f3 d&#039;interiors<\/title>\n<meta name=\"robots\" content=\"index, follow, max-snippet:-1, max-image-preview:large, max-video-preview:-1\" \/>\n<link rel=\"canonical\" href=\"https:\/\/pilma.com\/ca\/un-sofa-amb-seients-extensibles-amb-sistema-electric-i-respatller-multiposicio\/\" \/>\n<meta property=\"og:locale\" content=\"ca_ES\" \/>\n<meta property=\"og:type\" content=\"article\" \/>\n<meta property=\"og:title\" content=\"Un sof\u00e0 amb seients extensibles amb sistema el\u00e8ctric i respatller multiposici\u00f3 - Pilma - Mobles de disseny i decoraci\u00f3 d&#039;interiors\" \/>\n<meta property=\"og:description\" content=\"De formes suaus i arrodonides, el sof\u00e0 Yute \u00e9s la combinaci\u00f3 perfecta entre disseny, tecnologia i comoditat.\" \/>\n<meta property=\"og:url\" content=\"https:\/\/pilma.com\/ca\/un-sofa-amb-seients-extensibles-amb-sistema-electric-i-respatller-multiposicio\/\" \/>\n<meta property=\"og:site_name\" content=\"Pilma - Mobles de disseny i decoraci\u00f3 d&#039;interiors\" \/>\n<meta property=\"article:publisher\" content=\"https:\/\/www.facebook.com\/Pilma.es\/\" \/>\n<meta property=\"article:published_time\" content=\"2026-02-18T08:58:01+00:00\" \/>\n<meta property=\"article:modified_time\" content=\"2026-03-02T14:18:31+00:00\" \/>\n<meta property=\"og:image\" content=\"https:\/\/pilma.com\/wp-content\/uploads\/2026\/02\/Ambiente-sofa-yute-2-modulos-osaka-8-mesa-rom-lampara-pie-cylinder-lampara-sobremesa-tanit-portatil-pilma-1920x1375-1.jpg\" \/>\n\t<meta property=\"og:image:width\" content=\"1920\" \/>\n\t<meta property=\"og:image:height\" content=\"1375\" \/>\n\t<meta property=\"og:image:type\" content=\"image\/jpeg\" \/>\n<meta name=\"author\" content=\"PILMA\" \/>\n<meta name=\"twitter:card\" content=\"summary_large_image\" \/>\n<meta name=\"twitter:creator\" content=\"@pilma_es\" \/>\n<meta name=\"twitter:site\" content=\"@pilma_es\" \/>\n<meta name=\"twitter:label1\" content=\"Escrit per\" \/>\n\t<meta name=\"twitter:data1\" content=\"PILMA\" \/>\n\t<meta name=\"twitter:label2\" content=\"Temps estimat de lectura\" \/>\n\t<meta name=\"twitter:data2\" content=\"18 minuts\" \/>\n<script type=\"application\/ld+json\" class=\"yoast-schema-graph\">{\"@context\":\"https:\\\/\\\/schema.org\",\"@graph\":[{\"@type\":\"Article\",\"@id\":\"https:\\\/\\\/pilma.com\\\/ca\\\/un-sofa-amb-seients-extensibles-amb-sistema-electric-i-respatller-multiposicio\\\/#article\",\"isPartOf\":{\"@id\":\"https:\\\/\\\/pilma.com\\\/ca\\\/un-sofa-amb-seients-extensibles-amb-sistema-electric-i-respatller-multiposicio\\\/\"},\"author\":{\"name\":\"PILMA\",\"@id\":\"https:\\\/\\\/pilma.com\\\/ca\\\/#\\\/schema\\\/person\\\/12af795f36504663166d3600bf04b0d9\"},\"headline\":\"Un sof\u00e0 amb seients extensibles amb sistema el\u00e8ctric i respatller multiposici\u00f3\",\"datePublished\":\"2026-02-18T08:58:01+00:00\",\"dateModified\":\"2026-03-02T14:18:31+00:00\",\"mainEntityOfPage\":{\"@id\":\"https:\\\/\\\/pilma.com\\\/ca\\\/un-sofa-amb-seients-extensibles-amb-sistema-electric-i-respatller-multiposicio\\\/\"},\"wordCount\":3707,\"publisher\":{\"@id\":\"https:\\\/\\\/pilma.com\\\/ca\\\/#organization\"},\"image\":{\"@id\":\"https:\\\/\\\/pilma.com\\\/ca\\\/un-sofa-amb-seients-extensibles-amb-sistema-electric-i-respatller-multiposicio\\\/#primaryimage\"},\"thumbnailUrl\":\"https:\\\/\\\/pilma.com\\\/wp-content\\\/uploads\\\/2026\\\/02\\\/Ambiente-sofa-yute-2-modulos-osaka-8-mesa-rom-lampara-pie-cylinder-lampara-sobremesa-tanit-portatil-pilma-1920x1375-1.jpg\",\"articleSection\":[\"Pilma\"],\"inLanguage\":\"ca\"},{\"@type\":\"WebPage\",\"@id\":\"https:\\\/\\\/pilma.com\\\/ca\\\/un-sofa-amb-seients-extensibles-amb-sistema-electric-i-respatller-multiposicio\\\/\",\"url\":\"https:\\\/\\\/pilma.com\\\/ca\\\/un-sofa-amb-seients-extensibles-amb-sistema-electric-i-respatller-multiposicio\\\/\",\"name\":\"Un sof\u00e0 amb seients extensibles amb sistema el\u00e8ctric i respatller multiposici\u00f3 - Pilma - Mobles de disseny i decoraci\u00f3 d'interiors\",\"isPartOf\":{\"@id\":\"https:\\\/\\\/pilma.com\\\/ca\\\/#website\"},\"primaryImageOfPage\":{\"@id\":\"https:\\\/\\\/pilma.com\\\/ca\\\/un-sofa-amb-seients-extensibles-amb-sistema-electric-i-respatller-multiposicio\\\/#primaryimage\"},\"image\":{\"@id\":\"https:\\\/\\\/pilma.com\\\/ca\\\/un-sofa-amb-seients-extensibles-amb-sistema-electric-i-respatller-multiposicio\\\/#primaryimage\"},\"thumbnailUrl\":\"https:\\\/\\\/pilma.com\\\/wp-content\\\/uploads\\\/2026\\\/02\\\/Ambiente-sofa-yute-2-modulos-osaka-8-mesa-rom-lampara-pie-cylinder-lampara-sobremesa-tanit-portatil-pilma-1920x1375-1.jpg\",\"datePublished\":\"2026-02-18T08:58:01+00:00\",\"dateModified\":\"2026-03-02T14:18:31+00:00\",\"breadcrumb\":{\"@id\":\"https:\\\/\\\/pilma.com\\\/ca\\\/un-sofa-amb-seients-extensibles-amb-sistema-electric-i-respatller-multiposicio\\\/#breadcrumb\"},\"inLanguage\":\"ca\",\"potentialAction\":[{\"@type\":\"ReadAction\",\"target\":[\"https:\\\/\\\/pilma.com\\\/ca\\\/un-sofa-amb-seients-extensibles-amb-sistema-electric-i-respatller-multiposicio\\\/\"]}]},{\"@type\":\"ImageObject\",\"inLanguage\":\"ca\",\"@id\":\"https:\\\/\\\/pilma.com\\\/ca\\\/un-sofa-amb-seients-extensibles-amb-sistema-electric-i-respatller-multiposicio\\\/#primaryimage\",\"url\":\"https:\\\/\\\/pilma.com\\\/wp-content\\\/uploads\\\/2026\\\/02\\\/Ambiente-sofa-yute-2-modulos-osaka-8-mesa-rom-lampara-pie-cylinder-lampara-sobremesa-tanit-portatil-pilma-1920x1375-1.jpg\",\"contentUrl\":\"https:\\\/\\\/pilma.com\\\/wp-content\\\/uploads\\\/2026\\\/02\\\/Ambiente-sofa-yute-2-modulos-osaka-8-mesa-rom-lampara-pie-cylinder-lampara-sobremesa-tanit-portatil-pilma-1920x1375-1.jpg\",\"width\":1920,\"height\":1375},{\"@type\":\"BreadcrumbList\",\"@id\":\"https:\\\/\\\/pilma.com\\\/ca\\\/un-sofa-amb-seients-extensibles-amb-sistema-electric-i-respatller-multiposicio\\\/#breadcrumb\",\"itemListElement\":[{\"@type\":\"ListItem\",\"position\":1,\"name\":\"Home\",\"item\":\"https:\\\/\\\/pilma.com\\\/ca\\\/\"},{\"@type\":\"ListItem\",\"position\":2,\"name\":\"Un sof\u00e0 amb seients extensibles amb sistema el\u00e8ctric i respatller multiposici\u00f3\"}]},{\"@type\":\"WebSite\",\"@id\":\"https:\\\/\\\/pilma.com\\\/ca\\\/#website\",\"url\":\"https:\\\/\\\/pilma.com\\\/ca\\\/\",\"name\":\"Pilma - Mobles de disseny i decoraci\u00f3 d'interiors\",\"description\":\"Pilma - Mobles de disseny i decoraci\u00f3 d'interiors\",\"publisher\":{\"@id\":\"https:\\\/\\\/pilma.com\\\/ca\\\/#organization\"},\"potentialAction\":[{\"@type\":\"SearchAction\",\"target\":{\"@type\":\"EntryPoint\",\"urlTemplate\":\"https:\\\/\\\/pilma.com\\\/ca\\\/?s={search_term_string}\"},\"query-input\":{\"@type\":\"PropertyValueSpecification\",\"valueRequired\":true,\"valueName\":\"search_term_string\"}}],\"inLanguage\":\"ca\"},{\"@type\":\"Organization\",\"@id\":\"https:\\\/\\\/pilma.com\\\/ca\\\/#organization\",\"name\":\"Pilma\",\"url\":\"https:\\\/\\\/pilma.com\\\/ca\\\/\",\"logo\":{\"@type\":\"ImageObject\",\"inLanguage\":\"ca\",\"@id\":\"https:\\\/\\\/pilma.com\\\/ca\\\/#\\\/schema\\\/logo\\\/image\\\/\",\"url\":\"https:\\\/\\\/pilma.com\\\/wp-content\\\/uploads\\\/2025\\\/11\\\/Pilma-512x512-1.png\",\"contentUrl\":\"https:\\\/\\\/pilma.com\\\/wp-content\\\/uploads\\\/2025\\\/11\\\/Pilma-512x512-1.png\",\"width\":512,\"height\":512,\"caption\":\"Pilma\"},\"image\":{\"@id\":\"https:\\\/\\\/pilma.com\\\/ca\\\/#\\\/schema\\\/logo\\\/image\\\/\"},\"sameAs\":[\"https:\\\/\\\/www.facebook.com\\\/Pilma.es\\\/\",\"https:\\\/\\\/x.com\\\/pilma_es\",\"https:\\\/\\\/www.instagram.com\\\/pilma.es\\\/\",\"https:\\\/\\\/es.linkedin.com\\\/company\\\/pilma-es\\\/\",\"https:\\\/\\\/www.pinterest.es\\\/pilma_es\\\/\"]},{\"@type\":\"Person\",\"@id\":\"https:\\\/\\\/pilma.com\\\/ca\\\/#\\\/schema\\\/person\\\/12af795f36504663166d3600bf04b0d9\",\"name\":\"PILMA\"}]}<\/script>\n<!-- \/ Yoast SEO plugin. -->","yoast_head_json":{"title":"Un sof\u00e0 amb seients extensibles amb sistema el\u00e8ctric i respatller multiposici\u00f3 - Pilma - Mobles de disseny i decoraci\u00f3 d'interiors","robots":{"index":"index","follow":"follow","max-snippet":"max-snippet:-1","max-image-preview":"max-image-preview:large","max-video-preview":"max-video-preview:-1"},"canonical":"https:\/\/pilma.com\/ca\/un-sofa-amb-seients-extensibles-amb-sistema-electric-i-respatller-multiposicio\/","og_locale":"ca_ES","og_type":"article","og_title":"Un sof\u00e0 amb seients extensibles amb sistema el\u00e8ctric i respatller multiposici\u00f3 - Pilma - Mobles de disseny i decoraci\u00f3 d'interiors","og_description":"De formes suaus i arrodonides, el sof\u00e0 Yute \u00e9s la combinaci\u00f3 perfecta entre disseny, tecnologia i comoditat.","og_url":"https:\/\/pilma.com\/ca\/un-sofa-amb-seients-extensibles-amb-sistema-electric-i-respatller-multiposicio\/","og_site_name":"Pilma - Mobles de disseny i decoraci\u00f3 d'interiors","article_publisher":"https:\/\/www.facebook.com\/Pilma.es\/","article_published_time":"2026-02-18T08:58:01+00:00","article_modified_time":"2026-03-02T14:18:31+00:00","og_image":[{"width":1920,"height":1375,"url":"https:\/\/pilma.com\/wp-content\/uploads\/2026\/02\/Ambiente-sofa-yute-2-modulos-osaka-8-mesa-rom-lampara-pie-cylinder-lampara-sobremesa-tanit-portatil-pilma-1920x1375-1.jpg","type":"image\/jpeg"}],"author":"PILMA","twitter_card":"summary_large_image","twitter_creator":"@pilma_es","twitter_site":"@pilma_es","twitter_misc":{"Escrit per":"PILMA","Temps estimat de lectura":"18 minuts"},"schema":{"@context":"https:\/\/schema.org","@graph":[{"@type":"Article","@id":"https:\/\/pilma.com\/ca\/un-sofa-amb-seients-extensibles-amb-sistema-electric-i-respatller-multiposicio\/#article","isPartOf":{"@id":"https:\/\/pilma.com\/ca\/un-sofa-amb-seients-extensibles-amb-sistema-electric-i-respatller-multiposicio\/"},"author":{"name":"PILMA","@id":"https:\/\/pilma.com\/ca\/#\/schema\/person\/12af795f36504663166d3600bf04b0d9"},"headline":"Un sof\u00e0 amb seients extensibles amb sistema el\u00e8ctric i respatller multiposici\u00f3","datePublished":"2026-02-18T08:58:01+00:00","dateModified":"2026-03-02T14:18:31+00:00","mainEntityOfPage":{"@id":"https:\/\/pilma.com\/ca\/un-sofa-amb-seients-extensibles-amb-sistema-electric-i-respatller-multiposicio\/"},"wordCount":3707,"publisher":{"@id":"https:\/\/pilma.com\/ca\/#organization"},"image":{"@id":"https:\/\/pilma.com\/ca\/un-sofa-amb-seients-extensibles-amb-sistema-electric-i-respatller-multiposicio\/#primaryimage"},"thumbnailUrl":"https:\/\/pilma.com\/wp-content\/uploads\/2026\/02\/Ambiente-sofa-yute-2-modulos-osaka-8-mesa-rom-lampara-pie-cylinder-lampara-sobremesa-tanit-portatil-pilma-1920x1375-1.jpg","articleSection":["Pilma"],"inLanguage":"ca"},{"@type":"WebPage","@id":"https:\/\/pilma.com\/ca\/un-sofa-amb-seients-extensibles-amb-sistema-electric-i-respatller-multiposicio\/","url":"https:\/\/pilma.com\/ca\/un-sofa-amb-seients-extensibles-amb-sistema-electric-i-respatller-multiposicio\/","name":"Un sof\u00e0 amb seients extensibles amb sistema el\u00e8ctric i respatller multiposici\u00f3 - Pilma - Mobles de disseny i decoraci\u00f3 d'interiors","isPartOf":{"@id":"https:\/\/pilma.com\/ca\/#website"},"primaryImageOfPage":{"@id":"https:\/\/pilma.com\/ca\/un-sofa-amb-seients-extensibles-amb-sistema-electric-i-respatller-multiposicio\/#primaryimage"},"image":{"@id":"https:\/\/pilma.com\/ca\/un-sofa-amb-seients-extensibles-amb-sistema-electric-i-respatller-multiposicio\/#primaryimage"},"thumbnailUrl":"https:\/\/pilma.com\/wp-content\/uploads\/2026\/02\/Ambiente-sofa-yute-2-modulos-osaka-8-mesa-rom-lampara-pie-cylinder-lampara-sobremesa-tanit-portatil-pilma-1920x1375-1.jpg","datePublished":"2026-02-18T08:58:01+00:00","dateModified":"2026-03-02T14:18:31+00:00","breadcrumb":{"@id":"https:\/\/pilma.com\/ca\/un-sofa-amb-seients-extensibles-amb-sistema-electric-i-respatller-multiposicio\/#breadcrumb"},"inLanguage":"ca","potentialAction":[{"@type":"ReadAction","target":["https:\/\/pilma.com\/ca\/un-sofa-amb-seients-extensibles-amb-sistema-electric-i-respatller-multiposicio\/"]}]},{"@type":"ImageObject","inLanguage":"ca","@id":"https:\/\/pilma.com\/ca\/un-sofa-amb-seients-extensibles-amb-sistema-electric-i-respatller-multiposicio\/#primaryimage","url":"https:\/\/pilma.com\/wp-content\/uploads\/2026\/02\/Ambiente-sofa-yute-2-modulos-osaka-8-mesa-rom-lampara-pie-cylinder-lampara-sobremesa-tanit-portatil-pilma-1920x1375-1.jpg","contentUrl":"https:\/\/pilma.com\/wp-content\/uploads\/2026\/02\/Ambiente-sofa-yute-2-modulos-osaka-8-mesa-rom-lampara-pie-cylinder-lampara-sobremesa-tanit-portatil-pilma-1920x1375-1.jpg","width":1920,"height":1375},{"@type":"BreadcrumbList","@id":"https:\/\/pilma.com\/ca\/un-sofa-amb-seients-extensibles-amb-sistema-electric-i-respatller-multiposicio\/#breadcrumb","itemListElement":[{"@type":"ListItem","position":1,"name":"Home","item":"https:\/\/pilma.com\/ca\/"},{"@type":"ListItem","position":2,"name":"Un sof\u00e0 amb seients extensibles amb sistema el\u00e8ctric i respatller multiposici\u00f3"}]},{"@type":"WebSite","@id":"https:\/\/pilma.com\/ca\/#website","url":"https:\/\/pilma.com\/ca\/","name":"Pilma - Mobles de disseny i decoraci\u00f3 d'interiors","description":"Pilma - Mobles de disseny i decoraci\u00f3 d'interiors","publisher":{"@id":"https:\/\/pilma.com\/ca\/#organization"},"potentialAction":[{"@type":"SearchAction","target":{"@type":"EntryPoint","urlTemplate":"https:\/\/pilma.com\/ca\/?s={search_term_string}"},"query-input":{"@type":"PropertyValueSpecification","valueRequired":true,"valueName":"search_term_string"}}],"inLanguage":"ca"},{"@type":"Organization","@id":"https:\/\/pilma.com\/ca\/#organization","name":"Pilma","url":"https:\/\/pilma.com\/ca\/","logo":{"@type":"ImageObject","inLanguage":"ca","@id":"https:\/\/pilma.com\/ca\/#\/schema\/logo\/image\/","url":"https:\/\/pilma.com\/wp-content\/uploads\/2025\/11\/Pilma-512x512-1.png","contentUrl":"https:\/\/pilma.com\/wp-content\/uploads\/2025\/11\/Pilma-512x512-1.png","width":512,"height":512,"caption":"Pilma"},"image":{"@id":"https:\/\/pilma.com\/ca\/#\/schema\/logo\/image\/"},"sameAs":["https:\/\/www.facebook.com\/Pilma.es\/","https:\/\/x.com\/pilma_es","https:\/\/www.instagram.com\/pilma.es\/","https:\/\/es.linkedin.com\/company\/pilma-es\/","https:\/\/www.pinterest.es\/pilma_es\/"]},{"@type":"Person","@id":"https:\/\/pilma.com\/ca\/#\/schema\/person\/12af795f36504663166d3600bf04b0d9","name":"PILMA"}]}},"_links":{"self":[{"href":"https:\/\/pilma.com\/ca\/wp-json\/wp\/v2\/posts\/101971","targetHints":{"allow":["GET"]}}],"collection":[{"href":"https:\/\/pilma.com\/ca\/wp-json\/wp\/v2\/posts"}],"about":[{"href":"https:\/\/pilma.com\/ca\/wp-json\/wp\/v2\/types\/post"}],"author":[{"embeddable":true,"href":"https:\/\/pilma.com\/ca\/wp-json\/wp\/v2\/users\/24045"}],"replies":[{"embeddable":true,"href":"https:\/\/pilma.com\/ca\/wp-json\/wp\/v2\/comments?post=101971"}],"version-history":[{"count":5,"href":"https:\/\/pilma.com\/ca\/wp-json\/wp\/v2\/posts\/101971\/revisions"}],"predecessor-version":[{"id":102428,"href":"https:\/\/pilma.com\/ca\/wp-json\/wp\/v2\/posts\/101971\/revisions\/102428"}],"wp:featuredmedia":[{"embeddable":true,"href":"https:\/\/pilma.com\/ca\/wp-json\/wp\/v2\/media\/101970"}],"wp:attachment":[{"href":"https:\/\/pilma.com\/ca\/wp-json\/wp\/v2\/media?parent=101971"}],"wp:term":[{"taxonomy":"category","embeddable":true,"href":"https:\/\/pilma.com\/ca\/wp-json\/wp\/v2\/categories?post=101971"},{"taxonomy":"post_tag","embeddable":true,"href":"https:\/\/pilma.com\/ca\/wp-json\/wp\/v2\/tags?post=101971"}],"curies":[{"name":"wp","href":"https:\/\/api.w.org\/{rel}","templated":true}]}}